{"id":2295,"date":"2025-09-23T20:52:07","date_gmt":"2025-09-23T23:52:07","guid":{"rendered":"https:\/\/thesport.news\/br\/2025\/09\/23\/golaco-ex-flamengo-benfica\/"},"modified":"2025-09-23T20:52:07","modified_gmt":"2025-09-23T23:52:07","slug":"golaco-ex-flamengo-benfica","status":"publish","type":"post","link":"https:\/\/thesport.news\/br\/golaco-ex-flamengo-benfica\/","title":{"rendered":"Gola\u00e7o de ex-Flamengo frustra Mourinho: Benfica vence"},"content":{"rendered":"<p>Um gola\u00e7o de um ex-jogador do <b>Flamengo<\/b> frustrou Jos\u00e9 Mourinho na Europa. Em partida entre Benfica e Rio Ave, o time portugu\u00eas venceu com um tento de grande qualidade, marcado por um atleta que teve passagem pelo clube carioca.<\/p>\n<figure class=\"wp-block-image size-full\"><img fetchpriority=\"high\" decoding=\"async\" width=\"950\" height=\"593\" sizes=\"(max-width: 950px) 100vw, 950px\" alt=\"Jos\u00e9 Mourinho no Est\u00e1dio da Luz para o jogo entre Fenerbahce e Benfica\" class=\"wp-image-2294\" src=\"https:\/\/thesport.news\/br\/wp-content\/uploads\/sites\/2\/2025\/09\/Jose-Mourinho-no-Estadio-da-Luz-para-o-jogo-entre-Fenerbahce-e-Benfica-scaled-aspect-ratio-512-320-2-1.jpg\" srcset=\"https:\/\/thesport.news\/br\/wp-content\/uploads\/sites\/2\/2025\/09\/Jose-Mourinho-no-Estadio-da-Luz-para-o-jogo-entre-Fenerbahce-e-Benfica-scaled-aspect-ratio-512-320-2-1.jpg 950w, https:\/\/thesport.news\/br\/wp-content\/uploads\/sites\/2\/2025\/09\/Jose-Mourinho-no-Estadio-da-Luz-para-o-jogo-entre-Fenerbahce-e-Benfica-scaled-aspect-ratio-512-320-2-1-300x187.jpg 300w, https:\/\/thesport.news\/br\/wp-content\/uploads\/sites\/2\/2025\/09\/Jose-Mourinho-no-Estadio-da-Luz-para-o-jogo-entre-Fenerbahce-e-Benfica-scaled-aspect-ratio-512-320-2-1-768x479.jpg 768w, https:\/\/thesport.news\/br\/wp-content\/uploads\/sites\/2\/2025\/09\/Jose-Mourinho-no-Estadio-da-Luz-para-o-jogo-entre-Fenerbahce-e-Benfica-scaled-aspect-ratio-512-320-2-1-332x207.jpg 332w, https:\/\/thesport.news\/br\/wp-content\/uploads\/sites\/2\/2025\/09\/Jose-Mourinho-no-Estadio-da-Luz-para-o-jogo-entre-Fenerbahce-e-Benfica-scaled-aspect-ratio-512-320-2-1-664x414.jpg 664w, https:\/\/thesport.news\/br\/wp-content\/uploads\/sites\/2\/2025\/09\/Jose-Mourinho-no-Estadio-da-Luz-para-o-jogo-entre-Fenerbahce-e-Benfica-scaled-aspect-ratio-512-320-2-1-688x429.jpg 688w\" \/>\n<figcaption class=\"wp-element-caption\">Jos\u00e9 Mourinho no Est\u00e1dio da Luz diante de jogo do Benfica (Foto: Patricia De Melo Moreira\/AFP)<\/figcaption><\/figure>\n<p>O jogo aconteceu no Est\u00e1dio da Luz, casa do Benfica, e foi marcado pela atua\u00e7\u00e3o do ex-rubro-negro que brilhou na partida. Com um chute de fora da \u00e1rea, ele anotou um gola\u00e7o que decidiu o confronto. Apesar do esfor\u00e7o de Mourinho, seu time, o Rio Ave, n\u00e3o conseguiu reverter a situa\u00e7\u00e3o. <\/p><h2>Destaque do Jogo: Ex-Flamengo brilha<\/h2><p>O ex-jogador do <b>Flamengo<\/b> foi o grande destaque da partida. Al\u00e9m do gola\u00e7o, ele participou ativamente do jogo, mostrando muita habilidade e t\u00e9cnica. Sua atua\u00e7\u00e3o foi t\u00e3o impactante que repercutiu em diversos ve\u00edculos de comunica\u00e7\u00e3o esportiva. O jogador, conhecido por sua for\u00e7a f\u00edsica e precis\u00e3o, mostrou, mais uma vez, a qualidade que o consagrou como um dos grandes jogadores do cen\u00e1rio esportivo internacional. <\/p><p>A vit\u00f3ria do Benfica mostra o \u00f3timo momento da equipe na temporada. O clube tem se destacado em diversas competi\u00e7\u00f5es e se mostra como um forte candidato a t\u00edtulos importantes. <\/p><p><strong>Rea\u00e7\u00e3o de Mourinho ap\u00f3s a Derrota<\/strong><\/p><p>Ap\u00f3s a derrota, Jos\u00e9 Mourinho comentou sobre a atua\u00e7\u00e3o de seu time e o gola\u00e7o do ex-jogador do Flamengo. O t\u00e9cnico portugu\u00eas reconheceu a qualidade do advers\u00e1rio e a dificuldade de enfrentar um time t\u00e3o bem estruturado como o Benfica. Ele tamb\u00e9m destacou a import\u00e2ncia do jogo e a necessidade de melhorar o desempenho da equipe nas pr\u00f3ximas partidas. <\/p><p>Apesar da frustra\u00e7\u00e3o, Mourinho mant\u00e9m o foco e a determina\u00e7\u00e3o para conquistar os objetivos da temporada. A derrota serve como um aprendizado para o time, que precisar\u00e1 se preparar melhor para os pr\u00f3ximos desafios. O treinador j\u00e1 adiantou que far\u00e1 mudan\u00e7as significativas no time para os pr\u00f3ximos confrontos.<\/p><p><strong>Pr\u00f3ximos Jogos e Classifica\u00e7\u00e3o<\/strong><\/p><p>Com a vit\u00f3ria, o Benfica se consolida na lideran\u00e7a do campeonato. O time segue invicto e com grande vantagem sobre o segundo colocado. O pr\u00f3ximo jogo do Benfica ser\u00e1 contra [Pr\u00f3ximo advers\u00e1rio], enquanto o Rio Ave enfrentar\u00e1 [Pr\u00f3ximo advers\u00e1rio]. Acompanhe os pr\u00f3ximos jogos e a classifica\u00e7\u00e3o atualizada em nosso site. Para saber mais sobre <a href=\"https:\/\/thesport.news\/tag\/Benfica\">Benfica<\/a> e <a href=\"https:\/\/thesport.news\/tag\/RioAve\">Rio Ave<\/a>, acesse as p\u00e1ginas dedicadas aos clubes em nosso portal.<\/p>\n<p><strong>Fonte:<\/strong> <a href=\"https:\/\/www.lance.com.br\/fora-de-campo\/golaco-de-ex-flamengo-frustra-mourinho-na-europa-reservado.html\" target=\"_blank\" rel=\"noopener noreferrer\">Lance!<\/a><\/p>","protected":false},"excerpt":{"rendered":"Gola\u00e7o de ex-jogador do Flamengo decide jogo do Benfica contra o time de Mourinho na Europa. A vit\u00f3ria do Benfica foi marcada por um tento de alta qualidade, frustrando os planos do t\u00e9cnico portugu\u00eas.","protected":false},"author":3,"featured_media":2294,"comment_status":"open","ping_status":"open","sticky":false,"template":"","format":"standard","meta":{"csco_display_header_overlay":false,"csco_singular_sidebar":"","csco_page_header_type":"","csco_page_load_nextpost":"","csco_post_video_location":[],"csco_post_video_location_hash":"","csco_post_video_url":"","csco_post_video_bg_start_time":0,"csco_post_video_bg_end_time":0,"_jetpack_memberships_contains_paid_content":false,"footnotes":""},"categories":[30,61,62],"tags":[],"class_list":{"0":"post-2295","1":"post","2":"type-post","3":"status-publish","4":"format-standard","5":"has-post-thumbnail","7":"category-flamengo","8":"category-benfica","9":"category-rio-ave","10":"cs-entry","11":"cs-video-wrap"},"yoast_head":"<!-- This site is optimized with the Yoast SEO Premium plugin v26.0 (Yoast SEO v26.0) - https:\/\/yoast.com\/wordpress\/plugins\/seo\/ -->\n<title>Gola\u00e7o de ex-Flamengo frustra Mourinho: Benfica vence<\/title>\n<meta name=\"description\" content=\"Gola\u00e7o de ex-jogador do Flamengo decide jogo do Benfica contra o time de Mourinho na Europa. A vit\u00f3ria do Benfica foi marcada por um tento de alta qualidade, frustrando os planos do t\u00e9cnico portugu\u00eas.\" \/>\n<meta name=\"robots\" content=\"index, follow, max-snippet:-1, max-image-preview:large, max-video-preview:-1\" \/>\n<link rel=\"canonical\" href=\"https:\/\/thesport.news\/br\/golaco-ex-flamengo-benfica\/\" \/>\n<meta property=\"og:locale\" content=\"pt_BR\" \/>\n<meta property=\"og:type\" content=\"article\" \/>\n<meta property=\"og:title\" content=\"Gola\u00e7o de ex-Flamengo frustra Mourinho: Benfica vence\" \/>\n<meta property=\"og:description\" content=\"Gola\u00e7o de ex-jogador do Flamengo decide jogo do Benfica contra o time de Mourinho na Europa. A vit\u00f3ria do Benfica foi marcada por um tento de alta qualidade, frustrando os planos do t\u00e9cnico portugu\u00eas.\" \/>\n<meta property=\"og:url\" content=\"https:\/\/thesport.news\/br\/golaco-ex-flamengo-benfica\/\" \/>\n<meta property=\"og:site_name\" content=\"The Sport News \u2013 Tudo sobre futebol em um s\u00f3 lugar\" \/>\n<meta property=\"article:published_time\" content=\"2025-09-23T23:52:07+00:00\" \/>\n<meta property=\"og:image\" content=\"https:\/\/thesport.news\/br\/wp-content\/uploads\/sites\/2\/2025\/09\/Jose-Mourinho-no-Estadio-da-Luz-para-o-jogo-entre-Fenerbahce-e-Benfica-scaled-aspect-ratio-512-320-2-1.jpg\" \/>\n\t<meta property=\"og:image:width\" content=\"950\" \/>\n\t<meta property=\"og:image:height\" content=\"593\" \/>\n\t<meta property=\"og:image:type\" content=\"image\/jpeg\" \/>\n<meta name=\"author\" content=\"Pablo Eduardo\" \/>\n<meta name=\"twitter:card\" content=\"summary_large_image\" \/>\n<meta name=\"twitter:label1\" content=\"Escrito por\" \/>\n\t<meta name=\"twitter:data1\" content=\"Pablo Eduardo\" \/>\n\t<meta name=\"twitter:label2\" content=\"Est. tempo de leitura\" \/>\n\t<meta name=\"twitter:data2\" content=\"2 minutos\" \/>\n<script type=\"application\/ld+json\" class=\"yoast-schema-graph\">{\"@context\":\"https:\/\/schema.org\",\"@graph\":[{\"@type\":\"NewsArticle\",\"@id\":\"https:\/\/thesport.news\/br\/golaco-ex-flamengo-benfica\/#article\",\"isPartOf\":{\"@id\":\"https:\/\/thesport.news\/br\/golaco-ex-flamengo-benfica\/\"},\"author\":{\"name\":\"Pablo Eduardo\",\"@id\":\"https:\/\/thesport.news\/br\/#\/schema\/person\/dd7f58a1b81e3a483f9ec6561b56671e\"},\"headline\":\"Gola\u00e7o de ex-Flamengo frustra Mourinho: Benfica vence\",\"datePublished\":\"2025-09-23T23:52:07+00:00\",\"mainEntityOfPage\":{\"@id\":\"https:\/\/thesport.news\/br\/golaco-ex-flamengo-benfica\/\"},\"wordCount\":452,\"commentCount\":0,\"publisher\":{\"@id\":\"https:\/\/thesport.news\/br\/#organization\"},\"image\":{\"@id\":\"https:\/\/thesport.news\/br\/golaco-ex-flamengo-benfica\/#primaryimage\"},\"thumbnailUrl\":\"https:\/\/thesport.news\/br\/wp-content\/uploads\/sites\/2\/2025\/09\/Jose-Mourinho-no-Estadio-da-Luz-para-o-jogo-entre-Fenerbahce-e-Benfica-scaled-aspect-ratio-512-320-2-1.jpg\",\"articleSection\":[\"Flamengo\",\"Benfica\",\"Rio Ave\"],\"inLanguage\":\"pt-BR\",\"potentialAction\":[{\"@type\":\"CommentAction\",\"name\":\"Comment\",\"target\":[\"https:\/\/thesport.news\/br\/golaco-ex-flamengo-benfica\/#respond\"]}],\"copyrightYear\":\"2025\",\"copyrightHolder\":{\"@id\":\"https:\/\/thesport.news\/#organization\"}},{\"@type\":\"WebPage\",\"@id\":\"https:\/\/thesport.news\/br\/golaco-ex-flamengo-benfica\/\",\"url\":\"https:\/\/thesport.news\/br\/golaco-ex-flamengo-benfica\/\",\"name\":\"Gola\u00e7o de ex-Flamengo frustra Mourinho: Benfica vence\",\"isPartOf\":{\"@id\":\"https:\/\/thesport.news\/br\/#website\"},\"primaryImageOfPage\":{\"@id\":\"https:\/\/thesport.news\/br\/golaco-ex-flamengo-benfica\/#primaryimage\"},\"image\":{\"@id\":\"https:\/\/thesport.news\/br\/golaco-ex-flamengo-benfica\/#primaryimage\"},\"thumbnailUrl\":\"https:\/\/thesport.news\/br\/wp-content\/uploads\/sites\/2\/2025\/09\/Jose-Mourinho-no-Estadio-da-Luz-para-o-jogo-entre-Fenerbahce-e-Benfica-scaled-aspect-ratio-512-320-2-1.jpg\",\"datePublished\":\"2025-09-23T23:52:07+00:00\",\"description\":\"Gola\u00e7o de ex-jogador do Flamengo decide jogo do Benfica contra o time de Mourinho na Europa. A vit\u00f3ria do Benfica foi marcada por um tento de alta qualidade, frustrando os planos do t\u00e9cnico portugu\u00eas.\",\"breadcrumb\":{\"@id\":\"https:\/\/thesport.news\/br\/golaco-ex-flamengo-benfica\/#breadcrumb\"},\"inLanguage\":\"pt-BR\",\"potentialAction\":[{\"@type\":\"ReadAction\",\"target\":[\"https:\/\/thesport.news\/br\/golaco-ex-flamengo-benfica\/\"]}]},{\"@type\":\"ImageObject\",\"inLanguage\":\"pt-BR\",\"@id\":\"https:\/\/thesport.news\/br\/golaco-ex-flamengo-benfica\/#primaryimage\",\"url\":\"https:\/\/thesport.news\/br\/wp-content\/uploads\/sites\/2\/2025\/09\/Jose-Mourinho-no-Estadio-da-Luz-para-o-jogo-entre-Fenerbahce-e-Benfica-scaled-aspect-ratio-512-320-2-1.jpg\",\"contentUrl\":\"https:\/\/thesport.news\/br\/wp-content\/uploads\/sites\/2\/2025\/09\/Jose-Mourinho-no-Estadio-da-Luz-para-o-jogo-entre-Fenerbahce-e-Benfica-scaled-aspect-ratio-512-320-2-1.jpg\",\"width\":950,\"height\":593,\"caption\":\"Jos\u00e9 Mourinho no Est\u00e1dio da Luz diante de jogo do Benfica (Foto: Patricia De Melo Moreira\/AFP)\"},{\"@type\":\"BreadcrumbList\",\"@id\":\"https:\/\/thesport.news\/br\/golaco-ex-flamengo-benfica\/#breadcrumb\",\"itemListElement\":[{\"@type\":\"ListItem\",\"position\":1,\"name\":\"In\u00edcio\",\"item\":\"https:\/\/thesport.news\/br\/\"},{\"@type\":\"ListItem\",\"position\":2,\"name\":\"Gola\u00e7o de ex-Flamengo frustra Mourinho: Benfica vence\"}]},{\"@type\":\"WebSite\",\"@id\":\"https:\/\/thesport.news\/br\/#website\",\"url\":\"https:\/\/thesport.news\/br\/\",\"name\":\"The Sport News \u2013 Tudo sobre futebol em um s\u00f3 lugar\",\"description\":\"Not\u00edcias de futebol do Brasil e do mundo: campeonatos nacionais, Libertadores, Champions League e muito mais, atualizadas em tempo real.\",\"publisher\":{\"@id\":\"https:\/\/thesport.news\/br\/#organization\"},\"potentialAction\":[{\"@type\":\"SearchAction\",\"target\":{\"@type\":\"EntryPoint\",\"urlTemplate\":\"https:\/\/thesport.news\/br\/?s={search_term_string}\"},\"query-input\":{\"@type\":\"PropertyValueSpecification\",\"valueRequired\":true,\"valueName\":\"search_term_string\"}}],\"inLanguage\":\"pt-BR\"},{\"@type\":\"Organization\",\"@id\":\"https:\/\/thesport.news\/br\/#organization\",\"name\":\"The Sport News \u2013 Tudo sobre futebol em um s\u00f3 lugar\",\"url\":\"https:\/\/thesport.news\/br\/\",\"logo\":{\"@type\":\"ImageObject\",\"inLanguage\":\"pt-BR\",\"@id\":\"https:\/\/thesport.news\/br\/#\/schema\/logo\/image\/\",\"url\":\"https:\/\/thesport.news\/br\/wp-content\/uploads\/sites\/2\/2025\/09\/Sport_LogoFinal.png\",\"contentUrl\":\"https:\/\/thesport.news\/br\/wp-content\/uploads\/sites\/2\/2025\/09\/Sport_LogoFinal.png\",\"width\":175,\"height\":68,\"caption\":\"The Sport News \u2013 Tudo sobre futebol em um s\u00f3 lugar\"},\"image\":{\"@id\":\"https:\/\/thesport.news\/br\/#\/schema\/logo\/image\/\"}},{\"@type\":\"Person\",\"@id\":\"https:\/\/thesport.news\/br\/#\/schema\/person\/dd7f58a1b81e3a483f9ec6561b56671e\",\"name\":\"Pablo Eduardo\",\"image\":{\"@type\":\"ImageObject\",\"inLanguage\":\"pt-BR\",\"@id\":\"https:\/\/thesport.news\/br\/#\/schema\/person\/image\/\",\"url\":\"https:\/\/secure.gravatar.com\/avatar\/6d9a5eb6a01936b90f5d0c1b7974e6dcf64732f9da8ab8663d2db5c0f16be261?s=96&d=mm&r=g\",\"contentUrl\":\"https:\/\/secure.gravatar.com\/avatar\/6d9a5eb6a01936b90f5d0c1b7974e6dcf64732f9da8ab8663d2db5c0f16be261?s=96&d=mm&r=g\",\"caption\":\"Pablo Eduardo\"},\"url\":\"https:\/\/thesport.news\/br\/author\/pablo\/\"}]}<\/script>\n<!-- \/ Yoast SEO Premium plugin. -->","yoast_head_json":{"title":"Gola\u00e7o de ex-Flamengo frustra Mourinho: Benfica vence","description":"Gola\u00e7o de ex-jogador do Flamengo decide jogo do Benfica contra o time de Mourinho na Europa. A vit\u00f3ria do Benfica foi marcada por um tento de alta qualidade, frustrando os planos do t\u00e9cnico portugu\u00eas.","robots":{"index":"index","follow":"follow","max-snippet":"max-snippet:-1","max-image-preview":"max-image-preview:large","max-video-preview":"max-video-preview:-1"},"canonical":"https:\/\/thesport.news\/br\/golaco-ex-flamengo-benfica\/","og_locale":"pt_BR","og_type":"article","og_title":"Gola\u00e7o de ex-Flamengo frustra Mourinho: Benfica vence","og_description":"Gola\u00e7o de ex-jogador do Flamengo decide jogo do Benfica contra o time de Mourinho na Europa. A vit\u00f3ria do Benfica foi marcada por um tento de alta qualidade, frustrando os planos do t\u00e9cnico portugu\u00eas.","og_url":"https:\/\/thesport.news\/br\/golaco-ex-flamengo-benfica\/","og_site_name":"The Sport News \u2013 Tudo sobre futebol em um s\u00f3 lugar","article_published_time":"2025-09-23T23:52:07+00:00","og_image":[{"width":950,"height":593,"url":"https:\/\/thesport.news\/br\/wp-content\/uploads\/sites\/2\/2025\/09\/Jose-Mourinho-no-Estadio-da-Luz-para-o-jogo-entre-Fenerbahce-e-Benfica-scaled-aspect-ratio-512-320-2-1.jpg","type":"image\/jpeg"}],"author":"Pablo Eduardo","twitter_card":"summary_large_image","twitter_misc":{"Escrito por":"Pablo Eduardo","Est. tempo de leitura":"2 minutos"},"schema":{"@context":"https:\/\/schema.org","@graph":[{"@type":"NewsArticle","@id":"https:\/\/thesport.news\/br\/golaco-ex-flamengo-benfica\/#article","isPartOf":{"@id":"https:\/\/thesport.news\/br\/golaco-ex-flamengo-benfica\/"},"author":{"name":"Pablo Eduardo","@id":"https:\/\/thesport.news\/br\/#\/schema\/person\/dd7f58a1b81e3a483f9ec6561b56671e"},"headline":"Gola\u00e7o de ex-Flamengo frustra Mourinho: Benfica vence","datePublished":"2025-09-23T23:52:07+00:00","mainEntityOfPage":{"@id":"https:\/\/thesport.news\/br\/golaco-ex-flamengo-benfica\/"},"wordCount":452,"commentCount":0,"publisher":{"@id":"https:\/\/thesport.news\/br\/#organization"},"image":{"@id":"https:\/\/thesport.news\/br\/golaco-ex-flamengo-benfica\/#primaryimage"},"thumbnailUrl":"https:\/\/thesport.news\/br\/wp-content\/uploads\/sites\/2\/2025\/09\/Jose-Mourinho-no-Estadio-da-Luz-para-o-jogo-entre-Fenerbahce-e-Benfica-scaled-aspect-ratio-512-320-2-1.jpg","articleSection":["Flamengo","Benfica","Rio Ave"],"inLanguage":"pt-BR","potentialAction":[{"@type":"CommentAction","name":"Comment","target":["https:\/\/thesport.news\/br\/golaco-ex-flamengo-benfica\/#respond"]}],"copyrightYear":"2025","copyrightHolder":{"@id":"https:\/\/thesport.news\/#organization"}},{"@type":"WebPage","@id":"https:\/\/thesport.news\/br\/golaco-ex-flamengo-benfica\/","url":"https:\/\/thesport.news\/br\/golaco-ex-flamengo-benfica\/","name":"Gola\u00e7o de ex-Flamengo frustra Mourinho: Benfica vence","isPartOf":{"@id":"https:\/\/thesport.news\/br\/#website"},"primaryImageOfPage":{"@id":"https:\/\/thesport.news\/br\/golaco-ex-flamengo-benfica\/#primaryimage"},"image":{"@id":"https:\/\/thesport.news\/br\/golaco-ex-flamengo-benfica\/#primaryimage"},"thumbnailUrl":"https:\/\/thesport.news\/br\/wp-content\/uploads\/sites\/2\/2025\/09\/Jose-Mourinho-no-Estadio-da-Luz-para-o-jogo-entre-Fenerbahce-e-Benfica-scaled-aspect-ratio-512-320-2-1.jpg","datePublished":"2025-09-23T23:52:07+00:00","description":"Gola\u00e7o de ex-jogador do Flamengo decide jogo do Benfica contra o time de Mourinho na Europa. A vit\u00f3ria do Benfica foi marcada por um tento de alta qualidade, frustrando os planos do t\u00e9cnico portugu\u00eas.","breadcrumb":{"@id":"https:\/\/thesport.news\/br\/golaco-ex-flamengo-benfica\/#breadcrumb"},"inLanguage":"pt-BR","potentialAction":[{"@type":"ReadAction","target":["https:\/\/thesport.news\/br\/golaco-ex-flamengo-benfica\/"]}]},{"@type":"ImageObject","inLanguage":"pt-BR","@id":"https:\/\/thesport.news\/br\/golaco-ex-flamengo-benfica\/#primaryimage","url":"https:\/\/thesport.news\/br\/wp-content\/uploads\/sites\/2\/2025\/09\/Jose-Mourinho-no-Estadio-da-Luz-para-o-jogo-entre-Fenerbahce-e-Benfica-scaled-aspect-ratio-512-320-2-1.jpg","contentUrl":"https:\/\/thesport.news\/br\/wp-content\/uploads\/sites\/2\/2025\/09\/Jose-Mourinho-no-Estadio-da-Luz-para-o-jogo-entre-Fenerbahce-e-Benfica-scaled-aspect-ratio-512-320-2-1.jpg","width":950,"height":593,"caption":"Jos\u00e9 Mourinho no Est\u00e1dio da Luz diante de jogo do Benfica (Foto: Patricia De Melo Moreira\/AFP)"},{"@type":"BreadcrumbList","@id":"https:\/\/thesport.news\/br\/golaco-ex-flamengo-benfica\/#breadcrumb","itemListElement":[{"@type":"ListItem","position":1,"name":"In\u00edcio","item":"https:\/\/thesport.news\/br\/"},{"@type":"ListItem","position":2,"name":"Gola\u00e7o de ex-Flamengo frustra Mourinho: Benfica vence"}]},{"@type":"WebSite","@id":"https:\/\/thesport.news\/br\/#website","url":"https:\/\/thesport.news\/br\/","name":"The Sport News \u2013 Tudo sobre futebol em um s\u00f3 lugar","description":"Not\u00edcias de futebol do Brasil e do mundo: campeonatos nacionais, Libertadores, Champions League e muito mais, atualizadas em tempo real.","publisher":{"@id":"https:\/\/thesport.news\/br\/#organization"},"potentialAction":[{"@type":"SearchAction","target":{"@type":"EntryPoint","urlTemplate":"https:\/\/thesport.news\/br\/?s={search_term_string}"},"query-input":{"@type":"PropertyValueSpecification","valueRequired":true,"valueName":"search_term_string"}}],"inLanguage":"pt-BR"},{"@type":"Organization","@id":"https:\/\/thesport.news\/br\/#organization","name":"The Sport News \u2013 Tudo sobre futebol em um s\u00f3 lugar","url":"https:\/\/thesport.news\/br\/","logo":{"@type":"ImageObject","inLanguage":"pt-BR","@id":"https:\/\/thesport.news\/br\/#\/schema\/logo\/image\/","url":"https:\/\/thesport.news\/br\/wp-content\/uploads\/sites\/2\/2025\/09\/Sport_LogoFinal.png","contentUrl":"https:\/\/thesport.news\/br\/wp-content\/uploads\/sites\/2\/2025\/09\/Sport_LogoFinal.png","width":175,"height":68,"caption":"The Sport News \u2013 Tudo sobre futebol em um s\u00f3 lugar"},"image":{"@id":"https:\/\/thesport.news\/br\/#\/schema\/logo\/image\/"}},{"@type":"Person","@id":"https:\/\/thesport.news\/br\/#\/schema\/person\/dd7f58a1b81e3a483f9ec6561b56671e","name":"Pablo Eduardo","image":{"@type":"ImageObject","inLanguage":"pt-BR","@id":"https:\/\/thesport.news\/br\/#\/schema\/person\/image\/","url":"https:\/\/secure.gravatar.com\/avatar\/6d9a5eb6a01936b90f5d0c1b7974e6dcf64732f9da8ab8663d2db5c0f16be261?s=96&d=mm&r=g","contentUrl":"https:\/\/secure.gravatar.com\/avatar\/6d9a5eb6a01936b90f5d0c1b7974e6dcf64732f9da8ab8663d2db5c0f16be261?s=96&d=mm&r=g","caption":"Pablo Eduardo"},"url":"https:\/\/thesport.news\/br\/author\/pablo\/"}]}},"jetpack_featured_media_url":"https:\/\/thesport.news\/br\/wp-content\/uploads\/sites\/2\/2025\/09\/Jose-Mourinho-no-Estadio-da-Luz-para-o-jogo-entre-Fenerbahce-e-Benfica-scaled-aspect-ratio-512-320-2-1.jpg","jetpack_sharing_enabled":true,"_links":{"self":[{"href":"https:\/\/thesport.news\/br\/wp-json\/wp\/v2\/posts\/2295","targetHints":{"allow":["GET"]}}],"collection":[{"href":"https:\/\/thesport.news\/br\/wp-json\/wp\/v2\/posts"}],"about":[{"href":"https:\/\/thesport.news\/br\/wp-json\/wp\/v2\/types\/post"}],"author":[{"embeddable":true,"href":"https:\/\/thesport.news\/br\/wp-json\/wp\/v2\/users\/3"}],"replies":[{"embeddable":true,"href":"https:\/\/thesport.news\/br\/wp-json\/wp\/v2\/comments?post=2295"}],"version-history":[{"count":1,"href":"https:\/\/thesport.news\/br\/wp-json\/wp\/v2\/posts\/2295\/revisions"}],"predecessor-version":[{"id":2296,"href":"https:\/\/thesport.news\/br\/wp-json\/wp\/v2\/posts\/2295\/revisions\/2296"}],"wp:featuredmedia":[{"embeddable":true,"href":"https:\/\/thesport.news\/br\/wp-json\/wp\/v2\/media\/2294"}],"wp:attachment":[{"href":"https:\/\/thesport.news\/br\/wp-json\/wp\/v2\/media?parent=2295"}],"wp:term":[{"taxonomy":"category","embeddable":true,"href":"https:\/\/thesport.news\/br\/wp-json\/wp\/v2\/categories?post=2295"},{"taxonomy":"post_tag","embeddable":true,"href":"https:\/\/thesport.news\/br\/wp-json\/wp\/v2\/tags?post=2295"}],"curies":[{"name":"wp","href":"https:\/\/api.w.org\/{rel}","templated":true}]}}