{"id":2253,"date":"2025-09-23T19:52:02","date_gmt":"2025-09-23T22:52:02","guid":{"rendered":"https:\/\/thesport.news\/br\/2025\/09\/23\/atletico-mg-organizada-pressiona-jogadores\/"},"modified":"2025-09-25T10:30:13","modified_gmt":"2025-09-25T13:30:13","slug":"atletico-mg-organizada-pressiona-jogadores","status":"publish","type":"post","link":"https:\/\/thesport.news\/br\/atletico-mg-organizada-pressiona-jogadores\/","title":{"rendered":"Atl\u00e9tico-MG: Organizada cobra jogadores no CT"},"content":{"rendered":"<p>Integrantes de uma organizada do <b>Atl\u00e9tico-MG<\/b> foram at\u00e9 o CT da Cidade do Galo cobrar os jogadores antes de um treino. A atitude causou surpresa e gerou preocupa\u00e7\u00e3o na diretoria do clube. O epis\u00f3dio vem em um momento delicado para o time, que busca melhorar seu desempenho no <b>Brasileir\u00e3o<\/b>.<\/p>\n<p>Segundo informa\u00e7\u00f5es, os membros da organizada expressaram sua insatisfa\u00e7\u00e3o com os recentes resultados da equipe. Eles pediram mais comprometimento e dedica\u00e7\u00e3o dos atletas em campo. A presen\u00e7a da organizada no CT gerou um clima tenso, mas n\u00e3o houve confrontos.<\/p>\n<h2>A Cobran\u00e7a e o Desempenho do Galo<\/h2>\n<p>O <b>Atl\u00e9tico-MG<\/b> atravessa um momento de instabilidade na temporada. A equipe n\u00e3o vem apresentando o futebol esperado pela torcida e os resultados t\u00eam ficado abaixo das expectativas. A press\u00e3o por melhores resultados \u00e9 grande, e a cobran\u00e7a da organizada reflete esse sentimento.<\/p>\n<p>Embora a atitude da organizada seja pol\u00eamica, ela demonstra a paix\u00e3o e a cobran\u00e7a da torcida pelo sucesso do clube. A diretoria do <b>Atl\u00e9tico-MG<\/b> precisa lidar com a situa\u00e7\u00e3o de forma estrat\u00e9gica e buscar solu\u00e7\u00f5es para melhorar o desempenho do time em campo. \u00c9 importante que o clube consiga manter o equil\u00edbrio e evitar maiores problemas.<\/p>\n<p><strong>Poss\u00edveis Consequ\u00eancias e Rea\u00e7\u00f5es<\/strong><\/p>\n<p>As consequ\u00eancias deste epis\u00f3dio ainda s\u00e3o incertas. A diretoria do clube precisa avaliar a situa\u00e7\u00e3o e tomar as medidas necess\u00e1rias para evitar que situa\u00e7\u00f5es semelhantes se repitam. A rea\u00e7\u00e3o dos jogadores tamb\u00e9m ser\u00e1 importante para definir o rumo dos pr\u00f3ximos acontecimentos. Ser\u00e1 fundamental que jogadores e diretoria trabalhem em conjunto para superar este momento desafiador e reconquistar a confian\u00e7a da torcida.<\/p>\n<p>Este incidente levanta questionamentos sobre a rela\u00e7\u00e3o entre torcidas organizadas e clubes de futebol. \u00c9 necess\u00e1rio um di\u00e1logo aberto e transparente para evitar que situa\u00e7\u00f5es como esta se transformem em conflitos maiores. A participa\u00e7\u00e3o de autoridades e \u00f3rg\u00e3os de seguran\u00e7a pode ser importante para mediar e garantir a seguran\u00e7a de todos os envolvidos.<\/p>\n<p><strong>Pr\u00f3ximos Passos e Perspectivas<\/strong><\/p>\n<p>O <b>Atl\u00e9tico-MG<\/b> precisa se concentrar em melhorar o seu desempenho dentro de campo. A equipe precisa encontrar solu\u00e7\u00f5es para reverter a situa\u00e7\u00e3o atual no <b>Brasileir\u00e3o<\/b>. A uni\u00e3o entre jogadores, comiss\u00e3o t\u00e9cnica e diretoria \u00e9 fundamental para superar esta fase.<\/p>\n<p>A diretoria do Galo deve considerar implementar medidas para garantir a seguran\u00e7a e a ordem no CT da Cidade do Galo. \u00c9 importante que a rela\u00e7\u00e3o entre o clube e a torcida seja restaurada para um ambiente mais saud\u00e1vel e harmonioso. O futuro do <b>Atl\u00e9tico-MG<\/b> depende da capacidade de seus dirigentes em lidar com esta situa\u00e7\u00e3o e em buscar a uni\u00e3o de todos os envolvidos.<\/p>\n<p><strong>Fonte:<\/strong> <a href=\"https:\/\/ge.globo.com\/futebol\/times\/atletico-mg\/noticia\/2025\/09\/23\/integrantes-de-organizada-do-atletico-mg-cobram-jogadores-antes-de-treino-na-cidade-do-galo.ghtml\" target=\"_blank\" rel=\"noopener noreferrer\">Globo Esporte<\/a><\/p>\n","protected":false},"excerpt":{"rendered":"Organizada do Atl\u00e9tico-MG pressiona jogadores no CT ap\u00f3s sequ\u00eancia ruim no Brasileir\u00e3o.  A\u00e7\u00e3o gera preocupa\u00e7\u00e3o na diretoria e debate sobre a rela\u00e7\u00e3o entre clubes e torcidas organizadas.","protected":false},"author":3,"featured_media":0,"comment_status":"open","ping_status":"open","sticky":false,"template":"","format":"standard","meta":{"csco_display_header_overlay":false,"csco_singular_sidebar":"","csco_page_header_type":"","csco_page_load_nextpost":"","csco_post_video_location":[],"csco_post_video_location_hash":"","csco_post_video_url":"","csco_post_video_bg_start_time":0,"csco_post_video_bg_end_time":0,"_jetpack_memberships_contains_paid_content":false,"footnotes":""},"categories":[50,129],"tags":[],"class_list":{"0":"post-2253","1":"post","2":"type-post","3":"status-publish","4":"format-standard","6":"category-atletico-mg","7":"category-campeonato-brasileiro","8":"cs-entry","9":"cs-video-wrap"},"yoast_head":"<!-- This site is optimized with the Yoast SEO Premium plugin v26.0 (Yoast SEO v26.0) - https:\/\/yoast.com\/wordpress\/plugins\/seo\/ -->\n<title>Atl\u00e9tico-MG: Organizada cobra jogadores no CT<\/title>\n<meta name=\"description\" content=\"Organizada do Atl\u00e9tico-MG pressiona jogadores no CT ap\u00f3s sequ\u00eancia ruim no Brasileir\u00e3o. A\u00e7\u00e3o gera preocupa\u00e7\u00e3o na diretoria e debate sobre a rela\u00e7\u00e3o entre clubes e torcidas organizadas.\" \/>\n<meta name=\"robots\" content=\"index, follow, max-snippet:-1, max-image-preview:large, max-video-preview:-1\" \/>\n<link rel=\"canonical\" href=\"https:\/\/thesport.news\/br\/atletico-mg-organizada-pressiona-jogadores\/\" \/>\n<meta property=\"og:locale\" content=\"pt_BR\" \/>\n<meta property=\"og:type\" content=\"article\" \/>\n<meta property=\"og:title\" content=\"Atl\u00e9tico-MG: Organizada cobra jogadores no CT\" \/>\n<meta property=\"og:description\" content=\"Organizada do Atl\u00e9tico-MG pressiona jogadores no CT ap\u00f3s sequ\u00eancia ruim no Brasileir\u00e3o. A\u00e7\u00e3o gera preocupa\u00e7\u00e3o na diretoria e debate sobre a rela\u00e7\u00e3o entre clubes e torcidas organizadas.\" \/>\n<meta property=\"og:url\" content=\"https:\/\/thesport.news\/br\/atletico-mg-organizada-pressiona-jogadores\/\" \/>\n<meta property=\"og:site_name\" content=\"The Sport News \u2013 Tudo sobre futebol em um s\u00f3 lugar\" \/>\n<meta property=\"article:published_time\" content=\"2025-09-23T22:52:02+00:00\" \/>\n<meta property=\"article:modified_time\" content=\"2025-09-25T13:30:13+00:00\" \/>\n<meta name=\"author\" content=\"Pablo Eduardo\" \/>\n<meta name=\"twitter:card\" content=\"summary_large_image\" \/>\n<meta name=\"twitter:label1\" content=\"Escrito por\" \/>\n\t<meta name=\"twitter:data1\" content=\"Pablo Eduardo\" \/>\n\t<meta name=\"twitter:label2\" content=\"Est. tempo de leitura\" \/>\n\t<meta name=\"twitter:data2\" content=\"2 minutos\" \/>\n<script type=\"application\/ld+json\" class=\"yoast-schema-graph\">{\"@context\":\"https:\/\/schema.org\",\"@graph\":[{\"@type\":\"NewsArticle\",\"@id\":\"https:\/\/thesport.news\/br\/atletico-mg-organizada-pressiona-jogadores\/#article\",\"isPartOf\":{\"@id\":\"https:\/\/thesport.news\/br\/atletico-mg-organizada-pressiona-jogadores\/\"},\"author\":{\"name\":\"Pablo Eduardo\",\"@id\":\"https:\/\/thesport.news\/br\/#\/schema\/person\/dd7f58a1b81e3a483f9ec6561b56671e\"},\"headline\":\"Atl\u00e9tico-MG: Organizada cobra jogadores no CT\",\"datePublished\":\"2025-09-23T22:52:02+00:00\",\"dateModified\":\"2025-09-25T13:30:13+00:00\",\"mainEntityOfPage\":{\"@id\":\"https:\/\/thesport.news\/br\/atletico-mg-organizada-pressiona-jogadores\/\"},\"wordCount\":482,\"commentCount\":0,\"publisher\":{\"@id\":\"https:\/\/thesport.news\/br\/#organization\"},\"articleSection\":[\"Atl\u00e9tico-MG\",\"Campeonato Brasileiro\"],\"inLanguage\":\"pt-BR\",\"potentialAction\":[{\"@type\":\"CommentAction\",\"name\":\"Comment\",\"target\":[\"https:\/\/thesport.news\/br\/atletico-mg-organizada-pressiona-jogadores\/#respond\"]}],\"copyrightYear\":\"2025\",\"copyrightHolder\":{\"@id\":\"https:\/\/thesport.news\/#organization\"}},{\"@type\":\"WebPage\",\"@id\":\"https:\/\/thesport.news\/br\/atletico-mg-organizada-pressiona-jogadores\/\",\"url\":\"https:\/\/thesport.news\/br\/atletico-mg-organizada-pressiona-jogadores\/\",\"name\":\"Atl\u00e9tico-MG: Organizada cobra jogadores no CT\",\"isPartOf\":{\"@id\":\"https:\/\/thesport.news\/br\/#website\"},\"datePublished\":\"2025-09-23T22:52:02+00:00\",\"dateModified\":\"2025-09-25T13:30:13+00:00\",\"description\":\"Organizada do Atl\u00e9tico-MG pressiona jogadores no CT ap\u00f3s sequ\u00eancia ruim no Brasileir\u00e3o. A\u00e7\u00e3o gera preocupa\u00e7\u00e3o na diretoria e debate sobre a rela\u00e7\u00e3o entre clubes e torcidas organizadas.\",\"breadcrumb\":{\"@id\":\"https:\/\/thesport.news\/br\/atletico-mg-organizada-pressiona-jogadores\/#breadcrumb\"},\"inLanguage\":\"pt-BR\",\"potentialAction\":[{\"@type\":\"ReadAction\",\"target\":[\"https:\/\/thesport.news\/br\/atletico-mg-organizada-pressiona-jogadores\/\"]}]},{\"@type\":\"BreadcrumbList\",\"@id\":\"https:\/\/thesport.news\/br\/atletico-mg-organizada-pressiona-jogadores\/#breadcrumb\",\"itemListElement\":[{\"@type\":\"ListItem\",\"position\":1,\"name\":\"In\u00edcio\",\"item\":\"https:\/\/thesport.news\/br\/\"},{\"@type\":\"ListItem\",\"position\":2,\"name\":\"Atl\u00e9tico-MG: Organizada cobra jogadores no CT\"}]},{\"@type\":\"WebSite\",\"@id\":\"https:\/\/thesport.news\/br\/#website\",\"url\":\"https:\/\/thesport.news\/br\/\",\"name\":\"The Sport News \u2013 Tudo sobre futebol em um s\u00f3 lugar\",\"description\":\"Not\u00edcias de futebol do Brasil e do mundo: campeonatos nacionais, Libertadores, Champions League e muito mais, atualizadas em tempo real.\",\"publisher\":{\"@id\":\"https:\/\/thesport.news\/br\/#organization\"},\"potentialAction\":[{\"@type\":\"SearchAction\",\"target\":{\"@type\":\"EntryPoint\",\"urlTemplate\":\"https:\/\/thesport.news\/br\/?s={search_term_string}\"},\"query-input\":{\"@type\":\"PropertyValueSpecification\",\"valueRequired\":true,\"valueName\":\"search_term_string\"}}],\"inLanguage\":\"pt-BR\"},{\"@type\":\"Organization\",\"@id\":\"https:\/\/thesport.news\/br\/#organization\",\"name\":\"The Sport News \u2013 Tudo sobre futebol em um s\u00f3 lugar\",\"url\":\"https:\/\/thesport.news\/br\/\",\"logo\":{\"@type\":\"ImageObject\",\"inLanguage\":\"pt-BR\",\"@id\":\"https:\/\/thesport.news\/br\/#\/schema\/logo\/image\/\",\"url\":\"https:\/\/thesport.news\/br\/wp-content\/uploads\/sites\/2\/2025\/09\/Sport_LogoFinal.png\",\"contentUrl\":\"https:\/\/thesport.news\/br\/wp-content\/uploads\/sites\/2\/2025\/09\/Sport_LogoFinal.png\",\"width\":175,\"height\":68,\"caption\":\"The Sport News \u2013 Tudo sobre futebol em um s\u00f3 lugar\"},\"image\":{\"@id\":\"https:\/\/thesport.news\/br\/#\/schema\/logo\/image\/\"}},{\"@type\":\"Person\",\"@id\":\"https:\/\/thesport.news\/br\/#\/schema\/person\/dd7f58a1b81e3a483f9ec6561b56671e\",\"name\":\"Pablo Eduardo\",\"image\":{\"@type\":\"ImageObject\",\"inLanguage\":\"pt-BR\",\"@id\":\"https:\/\/thesport.news\/br\/#\/schema\/person\/image\/\",\"url\":\"https:\/\/secure.gravatar.com\/avatar\/6d9a5eb6a01936b90f5d0c1b7974e6dcf64732f9da8ab8663d2db5c0f16be261?s=96&d=mm&r=g\",\"contentUrl\":\"https:\/\/secure.gravatar.com\/avatar\/6d9a5eb6a01936b90f5d0c1b7974e6dcf64732f9da8ab8663d2db5c0f16be261?s=96&d=mm&r=g\",\"caption\":\"Pablo Eduardo\"},\"url\":\"https:\/\/thesport.news\/br\/author\/pablo\/\"}]}<\/script>\n<!-- \/ Yoast SEO Premium plugin. -->","yoast_head_json":{"title":"Atl\u00e9tico-MG: Organizada cobra jogadores no CT","description":"Organizada do Atl\u00e9tico-MG pressiona jogadores no CT ap\u00f3s sequ\u00eancia ruim no Brasileir\u00e3o. A\u00e7\u00e3o gera preocupa\u00e7\u00e3o na diretoria e debate sobre a rela\u00e7\u00e3o entre clubes e torcidas organizadas.","robots":{"index":"index","follow":"follow","max-snippet":"max-snippet:-1","max-image-preview":"max-image-preview:large","max-video-preview":"max-video-preview:-1"},"canonical":"https:\/\/thesport.news\/br\/atletico-mg-organizada-pressiona-jogadores\/","og_locale":"pt_BR","og_type":"article","og_title":"Atl\u00e9tico-MG: Organizada cobra jogadores no CT","og_description":"Organizada do Atl\u00e9tico-MG pressiona jogadores no CT ap\u00f3s sequ\u00eancia ruim no Brasileir\u00e3o. A\u00e7\u00e3o gera preocupa\u00e7\u00e3o na diretoria e debate sobre a rela\u00e7\u00e3o entre clubes e torcidas organizadas.","og_url":"https:\/\/thesport.news\/br\/atletico-mg-organizada-pressiona-jogadores\/","og_site_name":"The Sport News \u2013 Tudo sobre futebol em um s\u00f3 lugar","article_published_time":"2025-09-23T22:52:02+00:00","article_modified_time":"2025-09-25T13:30:13+00:00","author":"Pablo Eduardo","twitter_card":"summary_large_image","twitter_misc":{"Escrito por":"Pablo Eduardo","Est. tempo de leitura":"2 minutos"},"schema":{"@context":"https:\/\/schema.org","@graph":[{"@type":"NewsArticle","@id":"https:\/\/thesport.news\/br\/atletico-mg-organizada-pressiona-jogadores\/#article","isPartOf":{"@id":"https:\/\/thesport.news\/br\/atletico-mg-organizada-pressiona-jogadores\/"},"author":{"name":"Pablo Eduardo","@id":"https:\/\/thesport.news\/br\/#\/schema\/person\/dd7f58a1b81e3a483f9ec6561b56671e"},"headline":"Atl\u00e9tico-MG: Organizada cobra jogadores no CT","datePublished":"2025-09-23T22:52:02+00:00","dateModified":"2025-09-25T13:30:13+00:00","mainEntityOfPage":{"@id":"https:\/\/thesport.news\/br\/atletico-mg-organizada-pressiona-jogadores\/"},"wordCount":482,"commentCount":0,"publisher":{"@id":"https:\/\/thesport.news\/br\/#organization"},"articleSection":["Atl\u00e9tico-MG","Campeonato Brasileiro"],"inLanguage":"pt-BR","potentialAction":[{"@type":"CommentAction","name":"Comment","target":["https:\/\/thesport.news\/br\/atletico-mg-organizada-pressiona-jogadores\/#respond"]}],"copyrightYear":"2025","copyrightHolder":{"@id":"https:\/\/thesport.news\/#organization"}},{"@type":"WebPage","@id":"https:\/\/thesport.news\/br\/atletico-mg-organizada-pressiona-jogadores\/","url":"https:\/\/thesport.news\/br\/atletico-mg-organizada-pressiona-jogadores\/","name":"Atl\u00e9tico-MG: Organizada cobra jogadores no CT","isPartOf":{"@id":"https:\/\/thesport.news\/br\/#website"},"datePublished":"2025-09-23T22:52:02+00:00","dateModified":"2025-09-25T13:30:13+00:00","description":"Organizada do Atl\u00e9tico-MG pressiona jogadores no CT ap\u00f3s sequ\u00eancia ruim no Brasileir\u00e3o. A\u00e7\u00e3o gera preocupa\u00e7\u00e3o na diretoria e debate sobre a rela\u00e7\u00e3o entre clubes e torcidas organizadas.","breadcrumb":{"@id":"https:\/\/thesport.news\/br\/atletico-mg-organizada-pressiona-jogadores\/#breadcrumb"},"inLanguage":"pt-BR","potentialAction":[{"@type":"ReadAction","target":["https:\/\/thesport.news\/br\/atletico-mg-organizada-pressiona-jogadores\/"]}]},{"@type":"BreadcrumbList","@id":"https:\/\/thesport.news\/br\/atletico-mg-organizada-pressiona-jogadores\/#breadcrumb","itemListElement":[{"@type":"ListItem","position":1,"name":"In\u00edcio","item":"https:\/\/thesport.news\/br\/"},{"@type":"ListItem","position":2,"name":"Atl\u00e9tico-MG: Organizada cobra jogadores no CT"}]},{"@type":"WebSite","@id":"https:\/\/thesport.news\/br\/#website","url":"https:\/\/thesport.news\/br\/","name":"The Sport News \u2013 Tudo sobre futebol em um s\u00f3 lugar","description":"Not\u00edcias de futebol do Brasil e do mundo: campeonatos nacionais, Libertadores, Champions League e muito mais, atualizadas em tempo real.","publisher":{"@id":"https:\/\/thesport.news\/br\/#organization"},"potentialAction":[{"@type":"SearchAction","target":{"@type":"EntryPoint","urlTemplate":"https:\/\/thesport.news\/br\/?s={search_term_string}"},"query-input":{"@type":"PropertyValueSpecification","valueRequired":true,"valueName":"search_term_string"}}],"inLanguage":"pt-BR"},{"@type":"Organization","@id":"https:\/\/thesport.news\/br\/#organization","name":"The Sport News \u2013 Tudo sobre futebol em um s\u00f3 lugar","url":"https:\/\/thesport.news\/br\/","logo":{"@type":"ImageObject","inLanguage":"pt-BR","@id":"https:\/\/thesport.news\/br\/#\/schema\/logo\/image\/","url":"https:\/\/thesport.news\/br\/wp-content\/uploads\/sites\/2\/2025\/09\/Sport_LogoFinal.png","contentUrl":"https:\/\/thesport.news\/br\/wp-content\/uploads\/sites\/2\/2025\/09\/Sport_LogoFinal.png","width":175,"height":68,"caption":"The Sport News \u2013 Tudo sobre futebol em um s\u00f3 lugar"},"image":{"@id":"https:\/\/thesport.news\/br\/#\/schema\/logo\/image\/"}},{"@type":"Person","@id":"https:\/\/thesport.news\/br\/#\/schema\/person\/dd7f58a1b81e3a483f9ec6561b56671e","name":"Pablo Eduardo","image":{"@type":"ImageObject","inLanguage":"pt-BR","@id":"https:\/\/thesport.news\/br\/#\/schema\/person\/image\/","url":"https:\/\/secure.gravatar.com\/avatar\/6d9a5eb6a01936b90f5d0c1b7974e6dcf64732f9da8ab8663d2db5c0f16be261?s=96&d=mm&r=g","contentUrl":"https:\/\/secure.gravatar.com\/avatar\/6d9a5eb6a01936b90f5d0c1b7974e6dcf64732f9da8ab8663d2db5c0f16be261?s=96&d=mm&r=g","caption":"Pablo Eduardo"},"url":"https:\/\/thesport.news\/br\/author\/pablo\/"}]}},"jetpack_featured_media_url":"","jetpack_sharing_enabled":true,"_links":{"self":[{"href":"https:\/\/thesport.news\/br\/wp-json\/wp\/v2\/posts\/2253","targetHints":{"allow":["GET"]}}],"collection":[{"href":"https:\/\/thesport.news\/br\/wp-json\/wp\/v2\/posts"}],"about":[{"href":"https:\/\/thesport.news\/br\/wp-json\/wp\/v2\/types\/post"}],"author":[{"embeddable":true,"href":"https:\/\/thesport.news\/br\/wp-json\/wp\/v2\/users\/3"}],"replies":[{"embeddable":true,"href":"https:\/\/thesport.news\/br\/wp-json\/wp\/v2\/comments?post=2253"}],"version-history":[{"count":1,"href":"https:\/\/thesport.news\/br\/wp-json\/wp\/v2\/posts\/2253\/revisions"}],"predecessor-version":[{"id":2254,"href":"https:\/\/thesport.news\/br\/wp-json\/wp\/v2\/posts\/2253\/revisions\/2254"}],"wp:attachment":[{"href":"https:\/\/thesport.news\/br\/wp-json\/wp\/v2\/media?parent=2253"}],"wp:term":[{"taxonomy":"category","embeddable":true,"href":"https:\/\/thesport.news\/br\/wp-json\/wp\/v2\/categories?post=2253"},{"taxonomy":"post_tag","embeddable":true,"href":"https:\/\/thesport.news\/br\/wp-json\/wp\/v2\/tags?post=2253"}],"curies":[{"name":"wp","href":"https:\/\/api.w.org\/{rel}","templated":true}]}}