{"id":2204,"date":"2025-09-23T19:24:03","date_gmt":"2025-09-23T22:24:03","guid":{"rendered":"https:\/\/thesport.news\/br\/2025\/09\/23\/vasco-fla-festa-filho-barboza\/"},"modified":"2025-09-23T19:24:03","modified_gmt":"2025-09-23T22:24:03","slug":"vasco-fla-festa-filho-barboza","status":"publish","type":"post","link":"https:\/\/thesport.news\/br\/vasco-fla-festa-filho-barboza\/","title":{"rendered":"Vasco e Flamengo: \u00eddolos em festa de filho de zagueiro do Botafogo"},"content":{"rendered":"<p>\u00cddolos de <b>Vasco<\/b> e <b>Flamengo<\/b> marcaram presen\u00e7a na festa de anivers\u00e1rio do filho do zagueiro <b>Barboza<\/b>, do <b>Botafogo<\/b>. O evento, realizado no dia 23 de setembro de 2025, teve como tema a sele\u00e7\u00e3o brasileira e contou com a presen\u00e7a de diversos medalh\u00f5es do futebol. <\/p>\n<figure class=\"wp-block-image size-full\"><img fetchpriority=\"high\" decoding=\"async\" width=\"950\" height=\"594\" sizes=\"(max-width: 950px) 100vw, 950px\" alt=\"Convidados da festa de filho do zagueiro Barbosa (Foto: Reprodu\u00e7\u00e3o)\" class=\"wp-image-2203\" src=\"https:\/\/thesport.news\/br\/wp-content\/uploads\/sites\/2\/2025\/09\/Convidados-da-festa-de-filho-do-zagueiro-Barbosa-aspect-ratio-512-320-1.jpg\" srcset=\"https:\/\/thesport.news\/br\/wp-content\/uploads\/sites\/2\/2025\/09\/Convidados-da-festa-de-filho-do-zagueiro-Barbosa-aspect-ratio-512-320-1.jpg 950w, https:\/\/thesport.news\/br\/wp-content\/uploads\/sites\/2\/2025\/09\/Convidados-da-festa-de-filho-do-zagueiro-Barbosa-aspect-ratio-512-320-1-300x188.jpg 300w, https:\/\/thesport.news\/br\/wp-content\/uploads\/sites\/2\/2025\/09\/Convidados-da-festa-de-filho-do-zagueiro-Barbosa-aspect-ratio-512-320-1-768x480.jpg 768w, https:\/\/thesport.news\/br\/wp-content\/uploads\/sites\/2\/2025\/09\/Convidados-da-festa-de-filho-do-zagueiro-Barbosa-aspect-ratio-512-320-1-332x208.jpg 332w, https:\/\/thesport.news\/br\/wp-content\/uploads\/sites\/2\/2025\/09\/Convidados-da-festa-de-filho-do-zagueiro-Barbosa-aspect-ratio-512-320-1-664x415.jpg 664w, https:\/\/thesport.news\/br\/wp-content\/uploads\/sites\/2\/2025\/09\/Convidados-da-festa-de-filho-do-zagueiro-Barbosa-aspect-ratio-512-320-1-688x430.jpg 688w\" \/>\n<figcaption class=\"wp-element-caption\">Convidados da festa de filho do zagueiro Barbosa (Foto: Reprodu\u00e7\u00e3o)<\/figcaption><\/figure>\n<h2>Detalhes da Festa<\/h2><p>O zagueiro do Botafogo, <b>Barboza<\/b>, promoveu uma festa para celebrar o anivers\u00e1rio de 4 anos de seu filho, <b>Victorio<\/b>. A celebra\u00e7\u00e3o, com o tema da sele\u00e7\u00e3o brasileira, reuniu amigos e familiares, incluindo grandes nomes do futebol carioca. A festa contou com diversas atra\u00e7\u00f5es para a crian\u00e7ada, incluindo um espa\u00e7o de recrea\u00e7\u00e3o tem\u00e1tico e um bolo personalizado com as cores do Brasil. <\/p><p><strong>Presen\u00e7as Ilustres<\/strong><\/p><p>Entre os convidados ilustres, estavam presentes v\u00e1rios jogadores que marcaram \u00e9poca nos clubes cariocas. Representando o <b>Vasco<\/b>, compareceram alguns dos maiores \u00eddolos da hist\u00f3ria do clube, mostrando a for\u00e7a da torcida e o carinho com o atleta do <b>Botafogo<\/b>. Do <b>Flamengo<\/b>, a presen\u00e7a de jogadores renomados refor\u00e7ou os la\u00e7os entre os clubes cariocas, demonstrando respeito e camaradagem entre os atletas. A presen\u00e7a desses medalh\u00f5es demonstra a uni\u00e3o do futebol carioca al\u00e9m das rivalidades em campo. <\/p><p><strong>Uni\u00e3o do Futebol Carioca<\/strong><\/p><p>O evento mostrou a uni\u00e3o entre os jogadores de diferentes clubes, mesmo com a grande rivalidade que existe entre <b>Vasco<\/b>, <b>Flamengo<\/b> e <b>Botafogo<\/b>. A festa transcendeu as cores dos clubes, mostrando o respeito e a amizade entre os atletas al\u00e9m dos gramados. Esse tipo de encontro fortalece o esporte e mostra que a paix\u00e3o pelo futebol pode unir pessoas de diferentes equipes. <a href=\"https:\/\/thesport.news\/tag\/Botafogo\">Botafogo<\/a>, <a href=\"https:\/\/thesport.news\/tag\/Flamengo\">Flamengo<\/a> e <a href=\"https:\/\/thesport.news\/tag\/Vasco\">Vasco<\/a> s\u00e3o times hist\u00f3ricos do Rio de Janeiro e demonstram sempre grande rivalidade dentro de campo. <\/p>\n<p><strong>Fonte:<\/strong> <a href=\"https:\/\/www.lance.com.br\/fora-de-campo\/medalhoes-de-vasco-e-flamengo-vao-a-festa-de-filho-de-barboza-do-botafogo.html\" target=\"_blank\" rel=\"noopener noreferrer\">Lance!<\/a><\/p>","protected":false},"excerpt":{"rendered":"\u00cddolos de Vasco e Flamengo prestigiaram a festa do filho do zagueiro Barboza, do Botafogo, em evento tem\u00e1tico da sele\u00e7\u00e3o brasileira.  A celebra\u00e7\u00e3o mostrou a uni\u00e3o entre jogadores de diferentes clubes, mesmo com a rivalidade em campo.","protected":false},"author":3,"featured_media":2203,"comment_status":"open","ping_status":"open","sticky":false,"template":"","format":"standard","meta":{"csco_display_header_overlay":false,"csco_singular_sidebar":"","csco_page_header_type":"","csco_page_load_nextpost":"","csco_post_video_location":[],"csco_post_video_location_hash":"","csco_post_video_url":"","csco_post_video_bg_start_time":0,"csco_post_video_bg_end_time":0,"_jetpack_memberships_contains_paid_content":false,"footnotes":""},"categories":[29,30,75],"tags":[],"class_list":{"0":"post-2204","1":"post","2":"type-post","3":"status-publish","4":"format-standard","5":"has-post-thumbnail","7":"category-botafogo","8":"category-flamengo","9":"category-vasco","10":"cs-entry","11":"cs-video-wrap"},"yoast_head":"<!-- This site is optimized with the Yoast SEO Premium plugin v26.0 (Yoast SEO v26.0) - https:\/\/yoast.com\/wordpress\/plugins\/seo\/ -->\n<title>Vasco e Flamengo: \u00eddolos em festa de filho de zagueiro do Botafogo<\/title>\n<meta name=\"description\" content=\"\u00cddolos de Vasco e Flamengo prestigiaram a festa do filho do zagueiro Barboza, do Botafogo, em evento tem\u00e1tico da sele\u00e7\u00e3o brasileira. A celebra\u00e7\u00e3o mostrou a uni\u00e3o entre jogadores de diferentes clubes, mesmo com a rivalidade em campo.\" \/>\n<meta name=\"robots\" content=\"index, follow, max-snippet:-1, max-image-preview:large, max-video-preview:-1\" \/>\n<link rel=\"canonical\" href=\"https:\/\/thesport.news\/br\/vasco-fla-festa-filho-barboza\/\" \/>\n<meta property=\"og:locale\" content=\"pt_BR\" \/>\n<meta property=\"og:type\" content=\"article\" \/>\n<meta property=\"og:title\" content=\"Vasco e Flamengo: \u00eddolos em festa de filho de zagueiro do Botafogo\" \/>\n<meta property=\"og:description\" content=\"\u00cddolos de Vasco e Flamengo prestigiaram a festa do filho do zagueiro Barboza, do Botafogo, em evento tem\u00e1tico da sele\u00e7\u00e3o brasileira. A celebra\u00e7\u00e3o mostrou a uni\u00e3o entre jogadores de diferentes clubes, mesmo com a rivalidade em campo.\" \/>\n<meta property=\"og:url\" content=\"https:\/\/thesport.news\/br\/vasco-fla-festa-filho-barboza\/\" \/>\n<meta property=\"og:site_name\" content=\"The Sport News \u2013 Tudo sobre futebol em um s\u00f3 lugar\" \/>\n<meta property=\"article:published_time\" content=\"2025-09-23T22:24:03+00:00\" \/>\n<meta property=\"og:image\" content=\"https:\/\/thesport.news\/br\/wp-content\/uploads\/sites\/2\/2025\/09\/Convidados-da-festa-de-filho-do-zagueiro-Barbosa-aspect-ratio-512-320-1.jpg\" \/>\n\t<meta property=\"og:image:width\" content=\"950\" \/>\n\t<meta property=\"og:image:height\" content=\"594\" \/>\n\t<meta property=\"og:image:type\" content=\"image\/jpeg\" \/>\n<meta name=\"author\" content=\"Pablo Eduardo\" \/>\n<meta name=\"twitter:card\" content=\"summary_large_image\" \/>\n<meta name=\"twitter:label1\" content=\"Escrito por\" \/>\n\t<meta name=\"twitter:data1\" content=\"Pablo Eduardo\" \/>\n\t<meta name=\"twitter:label2\" content=\"Est. tempo de leitura\" \/>\n\t<meta name=\"twitter:data2\" content=\"2 minutos\" \/>\n<script type=\"application\/ld+json\" class=\"yoast-schema-graph\">{\"@context\":\"https:\/\/schema.org\",\"@graph\":[{\"@type\":\"NewsArticle\",\"@id\":\"https:\/\/thesport.news\/br\/vasco-fla-festa-filho-barboza\/#article\",\"isPartOf\":{\"@id\":\"https:\/\/thesport.news\/br\/vasco-fla-festa-filho-barboza\/\"},\"author\":{\"name\":\"Pablo Eduardo\",\"@id\":\"https:\/\/thesport.news\/br\/#\/schema\/person\/dd7f58a1b81e3a483f9ec6561b56671e\"},\"headline\":\"Vasco e Flamengo: \u00eddolos em festa de filho de zagueiro do Botafogo\",\"datePublished\":\"2025-09-23T22:24:03+00:00\",\"mainEntityOfPage\":{\"@id\":\"https:\/\/thesport.news\/br\/vasco-fla-festa-filho-barboza\/\"},\"wordCount\":322,\"commentCount\":0,\"publisher\":{\"@id\":\"https:\/\/thesport.news\/br\/#organization\"},\"image\":{\"@id\":\"https:\/\/thesport.news\/br\/vasco-fla-festa-filho-barboza\/#primaryimage\"},\"thumbnailUrl\":\"https:\/\/thesport.news\/br\/wp-content\/uploads\/sites\/2\/2025\/09\/Convidados-da-festa-de-filho-do-zagueiro-Barbosa-aspect-ratio-512-320-1.jpg\",\"articleSection\":[\"Botafogo\",\"Flamengo\",\"Vasco\"],\"inLanguage\":\"pt-BR\",\"potentialAction\":[{\"@type\":\"CommentAction\",\"name\":\"Comment\",\"target\":[\"https:\/\/thesport.news\/br\/vasco-fla-festa-filho-barboza\/#respond\"]}],\"copyrightYear\":\"2025\",\"copyrightHolder\":{\"@id\":\"https:\/\/thesport.news\/#organization\"}},{\"@type\":\"WebPage\",\"@id\":\"https:\/\/thesport.news\/br\/vasco-fla-festa-filho-barboza\/\",\"url\":\"https:\/\/thesport.news\/br\/vasco-fla-festa-filho-barboza\/\",\"name\":\"Vasco e Flamengo: \u00eddolos em festa de filho de zagueiro do Botafogo\",\"isPartOf\":{\"@id\":\"https:\/\/thesport.news\/br\/#website\"},\"primaryImageOfPage\":{\"@id\":\"https:\/\/thesport.news\/br\/vasco-fla-festa-filho-barboza\/#primaryimage\"},\"image\":{\"@id\":\"https:\/\/thesport.news\/br\/vasco-fla-festa-filho-barboza\/#primaryimage\"},\"thumbnailUrl\":\"https:\/\/thesport.news\/br\/wp-content\/uploads\/sites\/2\/2025\/09\/Convidados-da-festa-de-filho-do-zagueiro-Barbosa-aspect-ratio-512-320-1.jpg\",\"datePublished\":\"2025-09-23T22:24:03+00:00\",\"description\":\"\u00cddolos de Vasco e Flamengo prestigiaram a festa do filho do zagueiro Barboza, do Botafogo, em evento tem\u00e1tico da sele\u00e7\u00e3o brasileira. A celebra\u00e7\u00e3o mostrou a uni\u00e3o entre jogadores de diferentes clubes, mesmo com a rivalidade em campo.\",\"breadcrumb\":{\"@id\":\"https:\/\/thesport.news\/br\/vasco-fla-festa-filho-barboza\/#breadcrumb\"},\"inLanguage\":\"pt-BR\",\"potentialAction\":[{\"@type\":\"ReadAction\",\"target\":[\"https:\/\/thesport.news\/br\/vasco-fla-festa-filho-barboza\/\"]}]},{\"@type\":\"ImageObject\",\"inLanguage\":\"pt-BR\",\"@id\":\"https:\/\/thesport.news\/br\/vasco-fla-festa-filho-barboza\/#primaryimage\",\"url\":\"https:\/\/thesport.news\/br\/wp-content\/uploads\/sites\/2\/2025\/09\/Convidados-da-festa-de-filho-do-zagueiro-Barbosa-aspect-ratio-512-320-1.jpg\",\"contentUrl\":\"https:\/\/thesport.news\/br\/wp-content\/uploads\/sites\/2\/2025\/09\/Convidados-da-festa-de-filho-do-zagueiro-Barbosa-aspect-ratio-512-320-1.jpg\",\"width\":950,\"height\":594,\"caption\":\"Convidados da festa de filho do zagueiro Barbosa (Foto: Reprodu\u00e7\u00e3o)\"},{\"@type\":\"BreadcrumbList\",\"@id\":\"https:\/\/thesport.news\/br\/vasco-fla-festa-filho-barboza\/#breadcrumb\",\"itemListElement\":[{\"@type\":\"ListItem\",\"position\":1,\"name\":\"In\u00edcio\",\"item\":\"https:\/\/thesport.news\/br\/\"},{\"@type\":\"ListItem\",\"position\":2,\"name\":\"Vasco e Flamengo: \u00eddolos em festa de filho de zagueiro do Botafogo\"}]},{\"@type\":\"WebSite\",\"@id\":\"https:\/\/thesport.news\/br\/#website\",\"url\":\"https:\/\/thesport.news\/br\/\",\"name\":\"The Sport News \u2013 Tudo sobre futebol em um s\u00f3 lugar\",\"description\":\"Not\u00edcias de futebol do Brasil e do mundo: campeonatos nacionais, Libertadores, Champions League e muito mais, atualizadas em tempo real.\",\"publisher\":{\"@id\":\"https:\/\/thesport.news\/br\/#organization\"},\"potentialAction\":[{\"@type\":\"SearchAction\",\"target\":{\"@type\":\"EntryPoint\",\"urlTemplate\":\"https:\/\/thesport.news\/br\/?s={search_term_string}\"},\"query-input\":{\"@type\":\"PropertyValueSpecification\",\"valueRequired\":true,\"valueName\":\"search_term_string\"}}],\"inLanguage\":\"pt-BR\"},{\"@type\":\"Organization\",\"@id\":\"https:\/\/thesport.news\/br\/#organization\",\"name\":\"The Sport News \u2013 Tudo sobre futebol em um s\u00f3 lugar\",\"url\":\"https:\/\/thesport.news\/br\/\",\"logo\":{\"@type\":\"ImageObject\",\"inLanguage\":\"pt-BR\",\"@id\":\"https:\/\/thesport.news\/br\/#\/schema\/logo\/image\/\",\"url\":\"https:\/\/thesport.news\/br\/wp-content\/uploads\/sites\/2\/2025\/09\/Sport_LogoFinal.png\",\"contentUrl\":\"https:\/\/thesport.news\/br\/wp-content\/uploads\/sites\/2\/2025\/09\/Sport_LogoFinal.png\",\"width\":175,\"height\":68,\"caption\":\"The Sport News \u2013 Tudo sobre futebol em um s\u00f3 lugar\"},\"image\":{\"@id\":\"https:\/\/thesport.news\/br\/#\/schema\/logo\/image\/\"}},{\"@type\":\"Person\",\"@id\":\"https:\/\/thesport.news\/br\/#\/schema\/person\/dd7f58a1b81e3a483f9ec6561b56671e\",\"name\":\"Pablo Eduardo\",\"image\":{\"@type\":\"ImageObject\",\"inLanguage\":\"pt-BR\",\"@id\":\"https:\/\/thesport.news\/br\/#\/schema\/person\/image\/\",\"url\":\"https:\/\/secure.gravatar.com\/avatar\/6d9a5eb6a01936b90f5d0c1b7974e6dcf64732f9da8ab8663d2db5c0f16be261?s=96&d=mm&r=g\",\"contentUrl\":\"https:\/\/secure.gravatar.com\/avatar\/6d9a5eb6a01936b90f5d0c1b7974e6dcf64732f9da8ab8663d2db5c0f16be261?s=96&d=mm&r=g\",\"caption\":\"Pablo Eduardo\"},\"url\":\"https:\/\/thesport.news\/br\/author\/pablo\/\"}]}<\/script>\n<!-- \/ Yoast SEO Premium plugin. -->","yoast_head_json":{"title":"Vasco e Flamengo: \u00eddolos em festa de filho de zagueiro do Botafogo","description":"\u00cddolos de Vasco e Flamengo prestigiaram a festa do filho do zagueiro Barboza, do Botafogo, em evento tem\u00e1tico da sele\u00e7\u00e3o brasileira. A celebra\u00e7\u00e3o mostrou a uni\u00e3o entre jogadores de diferentes clubes, mesmo com a rivalidade em campo.","robots":{"index":"index","follow":"follow","max-snippet":"max-snippet:-1","max-image-preview":"max-image-preview:large","max-video-preview":"max-video-preview:-1"},"canonical":"https:\/\/thesport.news\/br\/vasco-fla-festa-filho-barboza\/","og_locale":"pt_BR","og_type":"article","og_title":"Vasco e Flamengo: \u00eddolos em festa de filho de zagueiro do Botafogo","og_description":"\u00cddolos de Vasco e Flamengo prestigiaram a festa do filho do zagueiro Barboza, do Botafogo, em evento tem\u00e1tico da sele\u00e7\u00e3o brasileira. A celebra\u00e7\u00e3o mostrou a uni\u00e3o entre jogadores de diferentes clubes, mesmo com a rivalidade em campo.","og_url":"https:\/\/thesport.news\/br\/vasco-fla-festa-filho-barboza\/","og_site_name":"The Sport News \u2013 Tudo sobre futebol em um s\u00f3 lugar","article_published_time":"2025-09-23T22:24:03+00:00","og_image":[{"width":950,"height":594,"url":"https:\/\/thesport.news\/br\/wp-content\/uploads\/sites\/2\/2025\/09\/Convidados-da-festa-de-filho-do-zagueiro-Barbosa-aspect-ratio-512-320-1.jpg","type":"image\/jpeg"}],"author":"Pablo Eduardo","twitter_card":"summary_large_image","twitter_misc":{"Escrito por":"Pablo Eduardo","Est. tempo de leitura":"2 minutos"},"schema":{"@context":"https:\/\/schema.org","@graph":[{"@type":"NewsArticle","@id":"https:\/\/thesport.news\/br\/vasco-fla-festa-filho-barboza\/#article","isPartOf":{"@id":"https:\/\/thesport.news\/br\/vasco-fla-festa-filho-barboza\/"},"author":{"name":"Pablo Eduardo","@id":"https:\/\/thesport.news\/br\/#\/schema\/person\/dd7f58a1b81e3a483f9ec6561b56671e"},"headline":"Vasco e Flamengo: \u00eddolos em festa de filho de zagueiro do Botafogo","datePublished":"2025-09-23T22:24:03+00:00","mainEntityOfPage":{"@id":"https:\/\/thesport.news\/br\/vasco-fla-festa-filho-barboza\/"},"wordCount":322,"commentCount":0,"publisher":{"@id":"https:\/\/thesport.news\/br\/#organization"},"image":{"@id":"https:\/\/thesport.news\/br\/vasco-fla-festa-filho-barboza\/#primaryimage"},"thumbnailUrl":"https:\/\/thesport.news\/br\/wp-content\/uploads\/sites\/2\/2025\/09\/Convidados-da-festa-de-filho-do-zagueiro-Barbosa-aspect-ratio-512-320-1.jpg","articleSection":["Botafogo","Flamengo","Vasco"],"inLanguage":"pt-BR","potentialAction":[{"@type":"CommentAction","name":"Comment","target":["https:\/\/thesport.news\/br\/vasco-fla-festa-filho-barboza\/#respond"]}],"copyrightYear":"2025","copyrightHolder":{"@id":"https:\/\/thesport.news\/#organization"}},{"@type":"WebPage","@id":"https:\/\/thesport.news\/br\/vasco-fla-festa-filho-barboza\/","url":"https:\/\/thesport.news\/br\/vasco-fla-festa-filho-barboza\/","name":"Vasco e Flamengo: \u00eddolos em festa de filho de zagueiro do Botafogo","isPartOf":{"@id":"https:\/\/thesport.news\/br\/#website"},"primaryImageOfPage":{"@id":"https:\/\/thesport.news\/br\/vasco-fla-festa-filho-barboza\/#primaryimage"},"image":{"@id":"https:\/\/thesport.news\/br\/vasco-fla-festa-filho-barboza\/#primaryimage"},"thumbnailUrl":"https:\/\/thesport.news\/br\/wp-content\/uploads\/sites\/2\/2025\/09\/Convidados-da-festa-de-filho-do-zagueiro-Barbosa-aspect-ratio-512-320-1.jpg","datePublished":"2025-09-23T22:24:03+00:00","description":"\u00cddolos de Vasco e Flamengo prestigiaram a festa do filho do zagueiro Barboza, do Botafogo, em evento tem\u00e1tico da sele\u00e7\u00e3o brasileira. A celebra\u00e7\u00e3o mostrou a uni\u00e3o entre jogadores de diferentes clubes, mesmo com a rivalidade em campo.","breadcrumb":{"@id":"https:\/\/thesport.news\/br\/vasco-fla-festa-filho-barboza\/#breadcrumb"},"inLanguage":"pt-BR","potentialAction":[{"@type":"ReadAction","target":["https:\/\/thesport.news\/br\/vasco-fla-festa-filho-barboza\/"]}]},{"@type":"ImageObject","inLanguage":"pt-BR","@id":"https:\/\/thesport.news\/br\/vasco-fla-festa-filho-barboza\/#primaryimage","url":"https:\/\/thesport.news\/br\/wp-content\/uploads\/sites\/2\/2025\/09\/Convidados-da-festa-de-filho-do-zagueiro-Barbosa-aspect-ratio-512-320-1.jpg","contentUrl":"https:\/\/thesport.news\/br\/wp-content\/uploads\/sites\/2\/2025\/09\/Convidados-da-festa-de-filho-do-zagueiro-Barbosa-aspect-ratio-512-320-1.jpg","width":950,"height":594,"caption":"Convidados da festa de filho do zagueiro Barbosa (Foto: Reprodu\u00e7\u00e3o)"},{"@type":"BreadcrumbList","@id":"https:\/\/thesport.news\/br\/vasco-fla-festa-filho-barboza\/#breadcrumb","itemListElement":[{"@type":"ListItem","position":1,"name":"In\u00edcio","item":"https:\/\/thesport.news\/br\/"},{"@type":"ListItem","position":2,"name":"Vasco e Flamengo: \u00eddolos em festa de filho de zagueiro do Botafogo"}]},{"@type":"WebSite","@id":"https:\/\/thesport.news\/br\/#website","url":"https:\/\/thesport.news\/br\/","name":"The Sport News \u2013 Tudo sobre futebol em um s\u00f3 lugar","description":"Not\u00edcias de futebol do Brasil e do mundo: campeonatos nacionais, Libertadores, Champions League e muito mais, atualizadas em tempo real.","publisher":{"@id":"https:\/\/thesport.news\/br\/#organization"},"potentialAction":[{"@type":"SearchAction","target":{"@type":"EntryPoint","urlTemplate":"https:\/\/thesport.news\/br\/?s={search_term_string}"},"query-input":{"@type":"PropertyValueSpecification","valueRequired":true,"valueName":"search_term_string"}}],"inLanguage":"pt-BR"},{"@type":"Organization","@id":"https:\/\/thesport.news\/br\/#organization","name":"The Sport News \u2013 Tudo sobre futebol em um s\u00f3 lugar","url":"https:\/\/thesport.news\/br\/","logo":{"@type":"ImageObject","inLanguage":"pt-BR","@id":"https:\/\/thesport.news\/br\/#\/schema\/logo\/image\/","url":"https:\/\/thesport.news\/br\/wp-content\/uploads\/sites\/2\/2025\/09\/Sport_LogoFinal.png","contentUrl":"https:\/\/thesport.news\/br\/wp-content\/uploads\/sites\/2\/2025\/09\/Sport_LogoFinal.png","width":175,"height":68,"caption":"The Sport News \u2013 Tudo sobre futebol em um s\u00f3 lugar"},"image":{"@id":"https:\/\/thesport.news\/br\/#\/schema\/logo\/image\/"}},{"@type":"Person","@id":"https:\/\/thesport.news\/br\/#\/schema\/person\/dd7f58a1b81e3a483f9ec6561b56671e","name":"Pablo Eduardo","image":{"@type":"ImageObject","inLanguage":"pt-BR","@id":"https:\/\/thesport.news\/br\/#\/schema\/person\/image\/","url":"https:\/\/secure.gravatar.com\/avatar\/6d9a5eb6a01936b90f5d0c1b7974e6dcf64732f9da8ab8663d2db5c0f16be261?s=96&d=mm&r=g","contentUrl":"https:\/\/secure.gravatar.com\/avatar\/6d9a5eb6a01936b90f5d0c1b7974e6dcf64732f9da8ab8663d2db5c0f16be261?s=96&d=mm&r=g","caption":"Pablo Eduardo"},"url":"https:\/\/thesport.news\/br\/author\/pablo\/"}]}},"jetpack_featured_media_url":"https:\/\/thesport.news\/br\/wp-content\/uploads\/sites\/2\/2025\/09\/Convidados-da-festa-de-filho-do-zagueiro-Barbosa-aspect-ratio-512-320-1.jpg","jetpack_sharing_enabled":true,"_links":{"self":[{"href":"https:\/\/thesport.news\/br\/wp-json\/wp\/v2\/posts\/2204","targetHints":{"allow":["GET"]}}],"collection":[{"href":"https:\/\/thesport.news\/br\/wp-json\/wp\/v2\/posts"}],"about":[{"href":"https:\/\/thesport.news\/br\/wp-json\/wp\/v2\/types\/post"}],"author":[{"embeddable":true,"href":"https:\/\/thesport.news\/br\/wp-json\/wp\/v2\/users\/3"}],"replies":[{"embeddable":true,"href":"https:\/\/thesport.news\/br\/wp-json\/wp\/v2\/comments?post=2204"}],"version-history":[{"count":1,"href":"https:\/\/thesport.news\/br\/wp-json\/wp\/v2\/posts\/2204\/revisions"}],"predecessor-version":[{"id":2205,"href":"https:\/\/thesport.news\/br\/wp-json\/wp\/v2\/posts\/2204\/revisions\/2205"}],"wp:featuredmedia":[{"embeddable":true,"href":"https:\/\/thesport.news\/br\/wp-json\/wp\/v2\/media\/2203"}],"wp:attachment":[{"href":"https:\/\/thesport.news\/br\/wp-json\/wp\/v2\/media?parent=2204"}],"wp:term":[{"taxonomy":"category","embeddable":true,"href":"https:\/\/thesport.news\/br\/wp-json\/wp\/v2\/categories?post=2204"},{"taxonomy":"post_tag","embeddable":true,"href":"https:\/\/thesport.news\/br\/wp-json\/wp\/v2\/tags?post=2204"}],"curies":[{"name":"wp","href":"https:\/\/api.w.org\/{rel}","templated":true}]}}