{"id":2171,"date":"2025-09-23T19:09:00","date_gmt":"2025-09-23T22:09:00","guid":{"rendered":"https:\/\/thesport.news\/br\/2025\/09\/23\/rio-ave-vence-benfica-gol-ex-flamengo\/"},"modified":"2025-09-23T19:09:00","modified_gmt":"2025-09-23T22:09:00","slug":"rio-ave-vence-benfica-gol-ex-flamengo","status":"publish","type":"post","link":"https:\/\/thesport.news\/br\/rio-ave-vence-benfica-gol-ex-flamengo\/","title":{"rendered":"Gola\u00e7o de ex-Flamengo: Rio Ave vence Benfica e Mourinho trope\u00e7a"},"content":{"rendered":"<p>Em jogo emocionante, o Rio Ave derrotou o Benfica nos acr\u00e9scimos, com um gola\u00e7o de Andr\u00e9 Luiz, ex-jogador do Flamengo. A vit\u00f3ria por 1&#215;0 marcou o primeiro trope\u00e7o do t\u00e9cnico Jos\u00e9 Mourinho \u00e0 frente do time portugu\u00eas. <\/p>\n<p>O gol de Andr\u00e9 Luiz foi marcado aos 48 minutos do segundo tempo, selando a vit\u00f3ria surpreendente do Rio Ave. O ex-jogador do Flamengo comemorou efusivamente o tento, que abalou o Est\u00e1dio da Luz e marcou o primeiro rev\u00e9s de Mourinho em sua nova fun\u00e7\u00e3o. <\/p>\n<figure class=\"image-container\"><img decoding=\"async\" alt=\"Andr\u00e9 Luiz marcando o gol pelo Rio Ave contra o Benfica\" src=\"image1.jpg\" \/><figcaption>Andr\u00e9 Luiz comemora seu gola\u00e7o contra o Benfica.<\/figcaption><\/figure>\n<p>Mourinho, conhecido por seu hist\u00f3rico vitorioso, n\u00e3o escondeu sua decep\u00e7\u00e3o ap\u00f3s a partida. A derrota para um time como o Rio Ave, com um jogador que teve sua forma\u00e7\u00e3o no Flamengo, foi sentida como um duro golpe. A equipe lisboeta dominou a posse de bola e teve chances claras de gol, mas pecou na finaliza\u00e7\u00e3o. <\/p>\n<figure class=\"image-container\"><img decoding=\"async\" alt=\"Mourinho decepcionado ap\u00f3s a derrota do Benfica\" src=\"image2.jpg\" \/><figcaption>Jos\u00e9 Mourinho mostra sua frustra\u00e7\u00e3o ap\u00f3s o jogo.<\/figcaption><\/figure>\n<p>O Rio Ave, por sua vez, mostrou efici\u00eancia e organiza\u00e7\u00e3o t\u00e1tica, conseguindo neutralizar as principais jogadas ofensivas do Benfica e aproveitar a oportunidade nos acr\u00e9scimos para garantir os tr\u00eas pontos. A vit\u00f3ria \u00e9 um triunfo para o time que, com a atua\u00e7\u00e3o de Andr\u00e9 Luiz, conseguiu surpreender o time de Mourinho no Est\u00e1dio da Luz. <\/p>\n<h2>An\u00e1lise da partida<\/h2>\n<p>A partida teve um ritmo intenso, com o Benfica pressionando a maior parte do tempo. No entanto, a equipe de Mourinho n\u00e3o conseguiu converter suas chances em gols, enquanto o Rio Ave soube se defender e explorar os contra-ataques com precis\u00e3o. O gol nos acr\u00e9scimos foi uma demonstra\u00e7\u00e3o da capacidade do Rio Ave em manter a concentra\u00e7\u00e3o at\u00e9 o final do jogo. <\/p>\n<p><strong>O impacto do gol de Andr\u00e9 Luiz<\/strong><\/p>\n<p>O gola\u00e7o de Andr\u00e9 Luiz n\u00e3o foi apenas um gol decisivo, mas tamb\u00e9m um momento de grande significado para o jogador. Depois de sua passagem pelo Flamengo, o atacante demonstra que continua com talento e que pode se destacar em grandes jogos. Esse gol, marcado contra uma equipe treinada por um t\u00e9cnico renomado como Mourinho, certamente o coloca em destaque no futebol portugu\u00eas e internacional. <\/p>\n<p>A atua\u00e7\u00e3o de <b>Andr\u00e9 Luiz<\/b> contra o <b>Benfica<\/b> demonstra a sua qualidade e capacidade de decidir partidas importantes. O ex-jogador do <b>Flamengo<\/b> mostrou que se adaptou bem ao <b>Rio Ave<\/b> e que o seu futuro \u00e9 promissor. <\/p>\n<p><strong>Pr\u00f3ximos desafios<\/strong><\/p>\n<p>O Benfica ter\u00e1 a oportunidade de se reabilitar em sua pr\u00f3xima partida. A equipe ter\u00e1 que mostrar resili\u00eancia e aprender com os erros para buscar a vit\u00f3ria. O Rio Ave tamb\u00e9m enfrentar\u00e1 um advers\u00e1rio complicado, buscando manter sua boa fase e surpreender novamente. <\/p>\n<p><strong>Fonte:<\/strong> <a href=\"https:\/\/ge.globo.com\/futebol\/futebol-internacional\/noticia\/2025\/09\/23\/ex-flamengo-faz-um-golaco-nos-acrescimos-e-provoca-primeiro-tropeco-de-mourinho-no-benfica.ghtml\" target=\"_blank\" rel=\"noopener noreferrer\">Globo Esporte (Internacional)<\/a><\/p>\n","protected":false},"excerpt":{"rendered":"Ex-Flamengo brilha, marca gola\u00e7o nos acr\u00e9scimos e causa o primeiro trope\u00e7o de Mourinho no comando do Benfica. Rio Ave vence por 1 a 0 em jogo emocionante.","protected":false},"author":3,"featured_media":2170,"comment_status":"open","ping_status":"open","sticky":false,"template":"","format":"standard","meta":{"csco_display_header_overlay":false,"csco_singular_sidebar":"","csco_page_header_type":"","csco_page_load_nextpost":"","csco_post_video_location":[],"csco_post_video_location_hash":"","csco_post_video_url":"","csco_post_video_bg_start_time":0,"csco_post_video_bg_end_time":0,"_jetpack_memberships_contains_paid_content":false,"footnotes":""},"categories":[30,61,62],"tags":[],"class_list":{"0":"post-2171","1":"post","2":"type-post","3":"status-publish","4":"format-standard","5":"has-post-thumbnail","7":"category-flamengo","8":"category-benfica","9":"category-rio-ave","10":"cs-entry","11":"cs-video-wrap"},"yoast_head":"<!-- This site is optimized with the Yoast SEO Premium plugin v26.0 (Yoast SEO v26.0) - https:\/\/yoast.com\/wordpress\/plugins\/seo\/ -->\n<title>Gola\u00e7o de ex-Flamengo: Rio Ave vence Benfica e Mourinho trope\u00e7a<\/title>\n<meta name=\"description\" content=\"Ex-Flamengo brilha, marca gola\u00e7o nos acr\u00e9scimos e causa o primeiro trope\u00e7o de Mourinho no comando do Benfica. Rio Ave vence por 1 a 0 em jogo emocionante.\" \/>\n<meta name=\"robots\" content=\"index, follow, max-snippet:-1, max-image-preview:large, max-video-preview:-1\" \/>\n<link rel=\"canonical\" href=\"https:\/\/thesport.news\/br\/rio-ave-vence-benfica-gol-ex-flamengo\/\" \/>\n<meta property=\"og:locale\" content=\"pt_BR\" \/>\n<meta property=\"og:type\" content=\"article\" \/>\n<meta property=\"og:title\" content=\"Gola\u00e7o de ex-Flamengo: Rio Ave vence Benfica e Mourinho trope\u00e7a\" \/>\n<meta property=\"og:description\" content=\"Ex-Flamengo brilha, marca gola\u00e7o nos acr\u00e9scimos e causa o primeiro trope\u00e7o de Mourinho no comando do Benfica. Rio Ave vence por 1 a 0 em jogo emocionante.\" \/>\n<meta property=\"og:url\" content=\"https:\/\/thesport.news\/br\/rio-ave-vence-benfica-gol-ex-flamengo\/\" \/>\n<meta property=\"og:site_name\" content=\"The Sport News \u2013 Tudo sobre futebol em um s\u00f3 lugar\" \/>\n<meta property=\"article:published_time\" content=\"2025-09-23T22:09:00+00:00\" \/>\n<meta property=\"og:image\" content=\"https:\/\/thesport.news\/br\/wp-content\/uploads\/sites\/2\/2025\/09\/2025-09-23t211134z-1921429860-up1el9n1mv8se-rtrmadp-3-soccer-portugal-slb-rio.jpg\" \/>\n\t<meta property=\"og:image:width\" content=\"2300\" \/>\n\t<meta property=\"og:image:height\" content=\"1575\" \/>\n\t<meta property=\"og:image:type\" content=\"image\/jpeg\" \/>\n<meta name=\"author\" content=\"Pablo Eduardo\" \/>\n<meta name=\"twitter:card\" content=\"summary_large_image\" \/>\n<meta name=\"twitter:label1\" content=\"Escrito por\" \/>\n\t<meta name=\"twitter:data1\" content=\"Pablo Eduardo\" \/>\n\t<meta name=\"twitter:label2\" content=\"Est. tempo de leitura\" \/>\n\t<meta name=\"twitter:data2\" content=\"2 minutos\" \/>\n<script type=\"application\/ld+json\" class=\"yoast-schema-graph\">{\"@context\":\"https:\/\/schema.org\",\"@graph\":[{\"@type\":\"NewsArticle\",\"@id\":\"https:\/\/thesport.news\/br\/rio-ave-vence-benfica-gol-ex-flamengo\/#article\",\"isPartOf\":{\"@id\":\"https:\/\/thesport.news\/br\/rio-ave-vence-benfica-gol-ex-flamengo\/\"},\"author\":{\"name\":\"Pablo Eduardo\",\"@id\":\"https:\/\/thesport.news\/br\/#\/schema\/person\/dd7f58a1b81e3a483f9ec6561b56671e\"},\"headline\":\"Gola\u00e7o de ex-Flamengo: Rio Ave vence Benfica e Mourinho trope\u00e7a\",\"datePublished\":\"2025-09-23T22:09:00+00:00\",\"mainEntityOfPage\":{\"@id\":\"https:\/\/thesport.news\/br\/rio-ave-vence-benfica-gol-ex-flamengo\/\"},\"wordCount\":484,\"commentCount\":0,\"publisher\":{\"@id\":\"https:\/\/thesport.news\/br\/#organization\"},\"image\":{\"@id\":\"https:\/\/thesport.news\/br\/rio-ave-vence-benfica-gol-ex-flamengo\/#primaryimage\"},\"thumbnailUrl\":\"https:\/\/thesport.news\/br\/wp-content\/uploads\/sites\/2\/2025\/09\/2025-09-23t211134z-1921429860-up1el9n1mv8se-rtrmadp-3-soccer-portugal-slb-rio.jpg\",\"articleSection\":[\"Flamengo\",\"Benfica\",\"Rio Ave\"],\"inLanguage\":\"pt-BR\",\"potentialAction\":[{\"@type\":\"CommentAction\",\"name\":\"Comment\",\"target\":[\"https:\/\/thesport.news\/br\/rio-ave-vence-benfica-gol-ex-flamengo\/#respond\"]}],\"copyrightYear\":\"2025\",\"copyrightHolder\":{\"@id\":\"https:\/\/thesport.news\/#organization\"}},{\"@type\":\"WebPage\",\"@id\":\"https:\/\/thesport.news\/br\/rio-ave-vence-benfica-gol-ex-flamengo\/\",\"url\":\"https:\/\/thesport.news\/br\/rio-ave-vence-benfica-gol-ex-flamengo\/\",\"name\":\"Gola\u00e7o de ex-Flamengo: Rio Ave vence Benfica e Mourinho trope\u00e7a\",\"isPartOf\":{\"@id\":\"https:\/\/thesport.news\/br\/#website\"},\"primaryImageOfPage\":{\"@id\":\"https:\/\/thesport.news\/br\/rio-ave-vence-benfica-gol-ex-flamengo\/#primaryimage\"},\"image\":{\"@id\":\"https:\/\/thesport.news\/br\/rio-ave-vence-benfica-gol-ex-flamengo\/#primaryimage\"},\"thumbnailUrl\":\"https:\/\/thesport.news\/br\/wp-content\/uploads\/sites\/2\/2025\/09\/2025-09-23t211134z-1921429860-up1el9n1mv8se-rtrmadp-3-soccer-portugal-slb-rio.jpg\",\"datePublished\":\"2025-09-23T22:09:00+00:00\",\"description\":\"Ex-Flamengo brilha, marca gola\u00e7o nos acr\u00e9scimos e causa o primeiro trope\u00e7o de Mourinho no comando do Benfica. Rio Ave vence por 1 a 0 em jogo emocionante.\",\"breadcrumb\":{\"@id\":\"https:\/\/thesport.news\/br\/rio-ave-vence-benfica-gol-ex-flamengo\/#breadcrumb\"},\"inLanguage\":\"pt-BR\",\"potentialAction\":[{\"@type\":\"ReadAction\",\"target\":[\"https:\/\/thesport.news\/br\/rio-ave-vence-benfica-gol-ex-flamengo\/\"]}]},{\"@type\":\"ImageObject\",\"inLanguage\":\"pt-BR\",\"@id\":\"https:\/\/thesport.news\/br\/rio-ave-vence-benfica-gol-ex-flamengo\/#primaryimage\",\"url\":\"https:\/\/thesport.news\/br\/wp-content\/uploads\/sites\/2\/2025\/09\/2025-09-23t211134z-1921429860-up1el9n1mv8se-rtrmadp-3-soccer-portugal-slb-rio.jpg\",\"contentUrl\":\"https:\/\/thesport.news\/br\/wp-content\/uploads\/sites\/2\/2025\/09\/2025-09-23t211134z-1921429860-up1el9n1mv8se-rtrmadp-3-soccer-portugal-slb-rio.jpg\",\"width\":2300,\"height\":1575,\"caption\":\"Rio Ave vence Benfica com gola\u00e7o de ex-Flamengo - Benfica\"},{\"@type\":\"BreadcrumbList\",\"@id\":\"https:\/\/thesport.news\/br\/rio-ave-vence-benfica-gol-ex-flamengo\/#breadcrumb\",\"itemListElement\":[{\"@type\":\"ListItem\",\"position\":1,\"name\":\"In\u00edcio\",\"item\":\"https:\/\/thesport.news\/br\/\"},{\"@type\":\"ListItem\",\"position\":2,\"name\":\"Gola\u00e7o de ex-Flamengo: Rio Ave vence Benfica e Mourinho trope\u00e7a\"}]},{\"@type\":\"WebSite\",\"@id\":\"https:\/\/thesport.news\/br\/#website\",\"url\":\"https:\/\/thesport.news\/br\/\",\"name\":\"The Sport News \u2013 Tudo sobre futebol em um s\u00f3 lugar\",\"description\":\"Not\u00edcias de futebol do Brasil e do mundo: campeonatos nacionais, Libertadores, Champions League e muito mais, atualizadas em tempo real.\",\"publisher\":{\"@id\":\"https:\/\/thesport.news\/br\/#organization\"},\"potentialAction\":[{\"@type\":\"SearchAction\",\"target\":{\"@type\":\"EntryPoint\",\"urlTemplate\":\"https:\/\/thesport.news\/br\/?s={search_term_string}\"},\"query-input\":{\"@type\":\"PropertyValueSpecification\",\"valueRequired\":true,\"valueName\":\"search_term_string\"}}],\"inLanguage\":\"pt-BR\"},{\"@type\":\"Organization\",\"@id\":\"https:\/\/thesport.news\/br\/#organization\",\"name\":\"The Sport News \u2013 Tudo sobre futebol em um s\u00f3 lugar\",\"url\":\"https:\/\/thesport.news\/br\/\",\"logo\":{\"@type\":\"ImageObject\",\"inLanguage\":\"pt-BR\",\"@id\":\"https:\/\/thesport.news\/br\/#\/schema\/logo\/image\/\",\"url\":\"https:\/\/thesport.news\/br\/wp-content\/uploads\/sites\/2\/2025\/09\/Sport_LogoFinal.png\",\"contentUrl\":\"https:\/\/thesport.news\/br\/wp-content\/uploads\/sites\/2\/2025\/09\/Sport_LogoFinal.png\",\"width\":175,\"height\":68,\"caption\":\"The Sport News \u2013 Tudo sobre futebol em um s\u00f3 lugar\"},\"image\":{\"@id\":\"https:\/\/thesport.news\/br\/#\/schema\/logo\/image\/\"}},{\"@type\":\"Person\",\"@id\":\"https:\/\/thesport.news\/br\/#\/schema\/person\/dd7f58a1b81e3a483f9ec6561b56671e\",\"name\":\"Pablo Eduardo\",\"image\":{\"@type\":\"ImageObject\",\"inLanguage\":\"pt-BR\",\"@id\":\"https:\/\/thesport.news\/br\/#\/schema\/person\/image\/\",\"url\":\"https:\/\/secure.gravatar.com\/avatar\/6d9a5eb6a01936b90f5d0c1b7974e6dcf64732f9da8ab8663d2db5c0f16be261?s=96&d=mm&r=g\",\"contentUrl\":\"https:\/\/secure.gravatar.com\/avatar\/6d9a5eb6a01936b90f5d0c1b7974e6dcf64732f9da8ab8663d2db5c0f16be261?s=96&d=mm&r=g\",\"caption\":\"Pablo Eduardo\"},\"url\":\"https:\/\/thesport.news\/br\/author\/pablo\/\"}]}<\/script>\n<!-- \/ Yoast SEO Premium plugin. -->","yoast_head_json":{"title":"Gola\u00e7o de ex-Flamengo: Rio Ave vence Benfica e Mourinho trope\u00e7a","description":"Ex-Flamengo brilha, marca gola\u00e7o nos acr\u00e9scimos e causa o primeiro trope\u00e7o de Mourinho no comando do Benfica. Rio Ave vence por 1 a 0 em jogo emocionante.","robots":{"index":"index","follow":"follow","max-snippet":"max-snippet:-1","max-image-preview":"max-image-preview:large","max-video-preview":"max-video-preview:-1"},"canonical":"https:\/\/thesport.news\/br\/rio-ave-vence-benfica-gol-ex-flamengo\/","og_locale":"pt_BR","og_type":"article","og_title":"Gola\u00e7o de ex-Flamengo: Rio Ave vence Benfica e Mourinho trope\u00e7a","og_description":"Ex-Flamengo brilha, marca gola\u00e7o nos acr\u00e9scimos e causa o primeiro trope\u00e7o de Mourinho no comando do Benfica. Rio Ave vence por 1 a 0 em jogo emocionante.","og_url":"https:\/\/thesport.news\/br\/rio-ave-vence-benfica-gol-ex-flamengo\/","og_site_name":"The Sport News \u2013 Tudo sobre futebol em um s\u00f3 lugar","article_published_time":"2025-09-23T22:09:00+00:00","og_image":[{"width":2300,"height":1575,"url":"https:\/\/thesport.news\/br\/wp-content\/uploads\/sites\/2\/2025\/09\/2025-09-23t211134z-1921429860-up1el9n1mv8se-rtrmadp-3-soccer-portugal-slb-rio.jpg","type":"image\/jpeg"}],"author":"Pablo Eduardo","twitter_card":"summary_large_image","twitter_misc":{"Escrito por":"Pablo Eduardo","Est. tempo de leitura":"2 minutos"},"schema":{"@context":"https:\/\/schema.org","@graph":[{"@type":"NewsArticle","@id":"https:\/\/thesport.news\/br\/rio-ave-vence-benfica-gol-ex-flamengo\/#article","isPartOf":{"@id":"https:\/\/thesport.news\/br\/rio-ave-vence-benfica-gol-ex-flamengo\/"},"author":{"name":"Pablo Eduardo","@id":"https:\/\/thesport.news\/br\/#\/schema\/person\/dd7f58a1b81e3a483f9ec6561b56671e"},"headline":"Gola\u00e7o de ex-Flamengo: Rio Ave vence Benfica e Mourinho trope\u00e7a","datePublished":"2025-09-23T22:09:00+00:00","mainEntityOfPage":{"@id":"https:\/\/thesport.news\/br\/rio-ave-vence-benfica-gol-ex-flamengo\/"},"wordCount":484,"commentCount":0,"publisher":{"@id":"https:\/\/thesport.news\/br\/#organization"},"image":{"@id":"https:\/\/thesport.news\/br\/rio-ave-vence-benfica-gol-ex-flamengo\/#primaryimage"},"thumbnailUrl":"https:\/\/thesport.news\/br\/wp-content\/uploads\/sites\/2\/2025\/09\/2025-09-23t211134z-1921429860-up1el9n1mv8se-rtrmadp-3-soccer-portugal-slb-rio.jpg","articleSection":["Flamengo","Benfica","Rio Ave"],"inLanguage":"pt-BR","potentialAction":[{"@type":"CommentAction","name":"Comment","target":["https:\/\/thesport.news\/br\/rio-ave-vence-benfica-gol-ex-flamengo\/#respond"]}],"copyrightYear":"2025","copyrightHolder":{"@id":"https:\/\/thesport.news\/#organization"}},{"@type":"WebPage","@id":"https:\/\/thesport.news\/br\/rio-ave-vence-benfica-gol-ex-flamengo\/","url":"https:\/\/thesport.news\/br\/rio-ave-vence-benfica-gol-ex-flamengo\/","name":"Gola\u00e7o de ex-Flamengo: Rio Ave vence Benfica e Mourinho trope\u00e7a","isPartOf":{"@id":"https:\/\/thesport.news\/br\/#website"},"primaryImageOfPage":{"@id":"https:\/\/thesport.news\/br\/rio-ave-vence-benfica-gol-ex-flamengo\/#primaryimage"},"image":{"@id":"https:\/\/thesport.news\/br\/rio-ave-vence-benfica-gol-ex-flamengo\/#primaryimage"},"thumbnailUrl":"https:\/\/thesport.news\/br\/wp-content\/uploads\/sites\/2\/2025\/09\/2025-09-23t211134z-1921429860-up1el9n1mv8se-rtrmadp-3-soccer-portugal-slb-rio.jpg","datePublished":"2025-09-23T22:09:00+00:00","description":"Ex-Flamengo brilha, marca gola\u00e7o nos acr\u00e9scimos e causa o primeiro trope\u00e7o de Mourinho no comando do Benfica. Rio Ave vence por 1 a 0 em jogo emocionante.","breadcrumb":{"@id":"https:\/\/thesport.news\/br\/rio-ave-vence-benfica-gol-ex-flamengo\/#breadcrumb"},"inLanguage":"pt-BR","potentialAction":[{"@type":"ReadAction","target":["https:\/\/thesport.news\/br\/rio-ave-vence-benfica-gol-ex-flamengo\/"]}]},{"@type":"ImageObject","inLanguage":"pt-BR","@id":"https:\/\/thesport.news\/br\/rio-ave-vence-benfica-gol-ex-flamengo\/#primaryimage","url":"https:\/\/thesport.news\/br\/wp-content\/uploads\/sites\/2\/2025\/09\/2025-09-23t211134z-1921429860-up1el9n1mv8se-rtrmadp-3-soccer-portugal-slb-rio.jpg","contentUrl":"https:\/\/thesport.news\/br\/wp-content\/uploads\/sites\/2\/2025\/09\/2025-09-23t211134z-1921429860-up1el9n1mv8se-rtrmadp-3-soccer-portugal-slb-rio.jpg","width":2300,"height":1575,"caption":"Rio Ave vence Benfica com gola\u00e7o de ex-Flamengo - Benfica"},{"@type":"BreadcrumbList","@id":"https:\/\/thesport.news\/br\/rio-ave-vence-benfica-gol-ex-flamengo\/#breadcrumb","itemListElement":[{"@type":"ListItem","position":1,"name":"In\u00edcio","item":"https:\/\/thesport.news\/br\/"},{"@type":"ListItem","position":2,"name":"Gola\u00e7o de ex-Flamengo: Rio Ave vence Benfica e Mourinho trope\u00e7a"}]},{"@type":"WebSite","@id":"https:\/\/thesport.news\/br\/#website","url":"https:\/\/thesport.news\/br\/","name":"The Sport News \u2013 Tudo sobre futebol em um s\u00f3 lugar","description":"Not\u00edcias de futebol do Brasil e do mundo: campeonatos nacionais, Libertadores, Champions League e muito mais, atualizadas em tempo real.","publisher":{"@id":"https:\/\/thesport.news\/br\/#organization"},"potentialAction":[{"@type":"SearchAction","target":{"@type":"EntryPoint","urlTemplate":"https:\/\/thesport.news\/br\/?s={search_term_string}"},"query-input":{"@type":"PropertyValueSpecification","valueRequired":true,"valueName":"search_term_string"}}],"inLanguage":"pt-BR"},{"@type":"Organization","@id":"https:\/\/thesport.news\/br\/#organization","name":"The Sport News \u2013 Tudo sobre futebol em um s\u00f3 lugar","url":"https:\/\/thesport.news\/br\/","logo":{"@type":"ImageObject","inLanguage":"pt-BR","@id":"https:\/\/thesport.news\/br\/#\/schema\/logo\/image\/","url":"https:\/\/thesport.news\/br\/wp-content\/uploads\/sites\/2\/2025\/09\/Sport_LogoFinal.png","contentUrl":"https:\/\/thesport.news\/br\/wp-content\/uploads\/sites\/2\/2025\/09\/Sport_LogoFinal.png","width":175,"height":68,"caption":"The Sport News \u2013 Tudo sobre futebol em um s\u00f3 lugar"},"image":{"@id":"https:\/\/thesport.news\/br\/#\/schema\/logo\/image\/"}},{"@type":"Person","@id":"https:\/\/thesport.news\/br\/#\/schema\/person\/dd7f58a1b81e3a483f9ec6561b56671e","name":"Pablo Eduardo","image":{"@type":"ImageObject","inLanguage":"pt-BR","@id":"https:\/\/thesport.news\/br\/#\/schema\/person\/image\/","url":"https:\/\/secure.gravatar.com\/avatar\/6d9a5eb6a01936b90f5d0c1b7974e6dcf64732f9da8ab8663d2db5c0f16be261?s=96&d=mm&r=g","contentUrl":"https:\/\/secure.gravatar.com\/avatar\/6d9a5eb6a01936b90f5d0c1b7974e6dcf64732f9da8ab8663d2db5c0f16be261?s=96&d=mm&r=g","caption":"Pablo Eduardo"},"url":"https:\/\/thesport.news\/br\/author\/pablo\/"}]}},"jetpack_featured_media_url":"https:\/\/thesport.news\/br\/wp-content\/uploads\/sites\/2\/2025\/09\/2025-09-23t211134z-1921429860-up1el9n1mv8se-rtrmadp-3-soccer-portugal-slb-rio.jpg","jetpack_sharing_enabled":true,"_links":{"self":[{"href":"https:\/\/thesport.news\/br\/wp-json\/wp\/v2\/posts\/2171","targetHints":{"allow":["GET"]}}],"collection":[{"href":"https:\/\/thesport.news\/br\/wp-json\/wp\/v2\/posts"}],"about":[{"href":"https:\/\/thesport.news\/br\/wp-json\/wp\/v2\/types\/post"}],"author":[{"embeddable":true,"href":"https:\/\/thesport.news\/br\/wp-json\/wp\/v2\/users\/3"}],"replies":[{"embeddable":true,"href":"https:\/\/thesport.news\/br\/wp-json\/wp\/v2\/comments?post=2171"}],"version-history":[{"count":1,"href":"https:\/\/thesport.news\/br\/wp-json\/wp\/v2\/posts\/2171\/revisions"}],"predecessor-version":[{"id":2172,"href":"https:\/\/thesport.news\/br\/wp-json\/wp\/v2\/posts\/2171\/revisions\/2172"}],"wp:featuredmedia":[{"embeddable":true,"href":"https:\/\/thesport.news\/br\/wp-json\/wp\/v2\/media\/2170"}],"wp:attachment":[{"href":"https:\/\/thesport.news\/br\/wp-json\/wp\/v2\/media?parent=2171"}],"wp:term":[{"taxonomy":"category","embeddable":true,"href":"https:\/\/thesport.news\/br\/wp-json\/wp\/v2\/categories?post=2171"},{"taxonomy":"post_tag","embeddable":true,"href":"https:\/\/thesport.news\/br\/wp-json\/wp\/v2\/tags?post=2171"}],"curies":[{"name":"wp","href":"https:\/\/api.w.org\/{rel}","templated":true}]}}