{"id":2159,"date":"2025-09-23T19:03:28","date_gmt":"2025-09-23T22:03:28","guid":{"rendered":"https:\/\/thesport.news\/br\/2025\/09\/23\/atletico-mg-sampaoli-desfalques-defesa\/"},"modified":"2025-09-25T10:30:14","modified_gmt":"2025-09-25T13:30:14","slug":"atletico-mg-sampaoli-desfalques-defesa","status":"publish","type":"post","link":"https:\/\/thesport.news\/br\/atletico-mg-sampaoli-desfalques-defesa\/","title":{"rendered":"Sampaoli fecha prepara\u00e7\u00e3o do Atl\u00e9tico-MG com desfalques na defesa"},"content":{"rendered":"<p>O t\u00e9cnico Jorge Sampaoli fechou a prepara\u00e7\u00e3o do <b>Atl\u00e9tico-MG<\/b> para o pr\u00f3ximo jogo do <b>Brasileir\u00e3o<\/b> com problemas na defesa. O treinador ter\u00e1 que lidar com desfalques importantes para a partida crucial contra o rival. A equipe precisa se recuperar na tabela e buscar uma sequ\u00eancia de vit\u00f3rias para se aproximar da zona de classifica\u00e7\u00e3o para a pr\u00f3xima <b>Libertadores<\/b>.<\/p>\n<p><b>Sampaoli<\/b> ter\u00e1 que improvisar na zaga, j\u00e1 que dois titulares est\u00e3o fora por les\u00e3o. As op\u00e7\u00f5es para substitu\u00ed-los s\u00e3o limitadas, for\u00e7ando o treinador a testar novas forma\u00e7\u00f5es e jogadores. A expectativa \u00e9 de um time mais cauteloso, priorizando a solidez defensiva.<\/p>\n<figure class=\"image-container\"><img decoding=\"async\" alt=\"Foto do t\u00e9cnico Jorge Sampaoli durante o treino do Atl\u00e9tico-MG\" loading=\"lazy\" src=\"imagem1.jpg\" \/><figcaption>Treino do Atl\u00e9tico-MG<\/figcaption><\/figure>\n<p>A escala\u00e7\u00e3o prov\u00e1vel do <b>Atl\u00e9tico-MG<\/b> deve ter algumas altera\u00e7\u00f5es em rela\u00e7\u00e3o aos \u00faltimos jogos. A entrada de um jogador mais defensivo no meio-campo \u00e9 uma possibilidade, para dar mais prote\u00e7\u00e3o \u00e0 zaga improvisada. O foco ser\u00e1 na organiza\u00e7\u00e3o t\u00e1tica e na neutraliza\u00e7\u00e3o do ataque advers\u00e1rio.<\/p>\n<h2>Poss\u00edveis Mudan\u00e7as na Escala\u00e7\u00e3o<\/h2>\n<p>Com os desfalques na zaga, o t\u00e9cnico <b>Sampaoli<\/b> precisa encontrar solu\u00e7\u00f5es para manter a seguran\u00e7a defensiva do <b>Atl\u00e9tico-MG<\/b>. Testes durante a semana indicam uma prov\u00e1vel forma\u00e7\u00e3o com mudan\u00e7as significativas, buscando a melhor combina\u00e7\u00e3o entre experi\u00eancia e jogadores com caracter\u00edsticas mais defensivas.<\/p>\n<figure class=\"image-container\"><img decoding=\"async\" alt=\"Jogadores do Atl\u00e9tico-MG em treino t\u00e1tico\" loading=\"lazy\" src=\"imagem2.jpg\" \/><figcaption>Treino t\u00e1tico do Atl\u00e9tico-MG<\/figcaption><\/figure>\n<p>A expectativa \u00e9 que a equipe entre em campo com uma postura mais defensiva, buscando explorar os contra-ataques. A responsabilidade por criar jogadas ofensivas recair\u00e1 sobre os jogadores de meio-campo e ataque, que precisar\u00e3o ser eficientes na finaliza\u00e7\u00e3o para garantir um resultado positivo.<\/p>\n<p><strong>Desafios e Expectativas<\/strong><\/p>\n<p>O <b>Atl\u00e9tico-MG<\/b> enfrenta um desafio consider\u00e1vel. A necessidade de vit\u00f3ria se soma \u00e0 dificuldade de substituir pe\u00e7as importantes na defesa. O t\u00e9cnico <b>Sampaoli<\/b> ter\u00e1 que encontrar a combina\u00e7\u00e3o ideal para garantir a solidez defensiva sem comprometer o poder ofensivo da equipe. O pr\u00f3ximo jogo \u00e9 crucial para as aspira\u00e7\u00f5es do clube no <b>Brasileir\u00e3o<\/b>.<\/p>\n<p>O resultado dessa partida pode influenciar diretamente na classifica\u00e7\u00e3o do time para a pr\u00f3xima <b>Libertadores<\/b>. Uma vit\u00f3ria \u00e9 fundamental para manter o time na briga por uma vaga na competi\u00e7\u00e3o continental. O <b>Atl\u00e9tico-MG<\/b> precisa mostrar for\u00e7a e resili\u00eancia para superar as dificuldades e alcan\u00e7ar seus objetivos.<\/p>\n<p><strong>Pr\u00f3ximos Jogos e Classifica\u00e7\u00e3o<\/strong><\/p>\n<p>Ap\u00f3s este jogo contra o rival, o <b>Atl\u00e9tico-MG<\/b> ter\u00e1 pela frente mais desafios no <b>Brasileir\u00e3o<\/b>. A equipe precisar\u00e1 manter o foco e a concentra\u00e7\u00e3o para buscar resultados positivos nas pr\u00f3ximas rodadas. A classifica\u00e7\u00e3o atual do time na tabela \u00e9 um fator importante a ser considerado. A an\u00e1lise dos pr\u00f3ximos advers\u00e1rios e a prepara\u00e7\u00e3o estrat\u00e9gica ser\u00e3o fundamentais para o sucesso da equipe.<\/p>\n<p>Acompanhe a nossa cobertura completa do <b>Brasileir\u00e3o<\/b> aqui no <b>TheSport.News<\/b>. Saiba tudo sobre os jogos, as escala\u00e7\u00f5es, as not\u00edcias e as an\u00e1lises. Para mais informa\u00e7\u00f5es sobre o <b>Atl\u00e9tico-MG<\/b>, acesse <a href=\"https:\/\/thesport.news\/tag\/atletico-mg\">Atl\u00e9tico-MG<\/a>. Para mais informa\u00e7\u00f5es sobre o <b>Brasileir\u00e3o<\/b>, acesse <a href=\"https:\/\/thesport.news\/tag\/brasileirao\">Brasileir\u00e3o<\/a>. Para mais informa\u00e7\u00f5es sobre a <b>Libertadores<\/b>, acesse <a href=\"https:\/\/thesport.news\/tag\/libertadores\">Libertadores<\/a>. E para mais informa\u00e7\u00f5es sobre Jorge <b>Sampaoli<\/b>, acesse <a href=\"https:\/\/thesport.news\/tag\/sampaoli\">Sampaoli<\/a>.<\/p>\n<p><strong>Fonte:<\/strong> <a href=\"https:\/\/ge.globo.com\/futebol\/times\/atletico-mg\/noticia\/2025\/09\/23\/escalacao-do-atletico-mg-com-desfalques-na-defesa-sampaoli-fecha-preparacao-veja-provavel-time.ghtml\" target=\"_blank\" rel=\"noopener noreferrer\">Globo Esporte<\/a><\/p>\n","protected":false},"excerpt":{"rendered":"Sampaoli enfrenta desfalques na defesa do Atl\u00e9tico-MG para o pr\u00f3ximo jogo do Brasileir\u00e3o.  Saiba como o t\u00e9cnico planeja lidar com as aus\u00eancias e as expectativas para a partida decisiva na luta por uma vaga na Libertadores.","protected":false},"author":3,"featured_media":2158,"comment_status":"open","ping_status":"open","sticky":false,"template":"","format":"standard","meta":{"csco_display_header_overlay":false,"csco_singular_sidebar":"","csco_page_header_type":"","csco_page_load_nextpost":"","csco_post_video_location":[],"csco_post_video_location_hash":"","csco_post_video_url":"","csco_post_video_bg_start_time":0,"csco_post_video_bg_end_time":0,"_jetpack_memberships_contains_paid_content":false,"footnotes":""},"categories":[50,53,129],"tags":[],"class_list":{"0":"post-2159","1":"post","2":"type-post","3":"status-publish","4":"format-standard","5":"has-post-thumbnail","7":"category-atletico-mg","8":"category-libertadores","9":"category-campeonato-brasileiro","10":"cs-entry","11":"cs-video-wrap"},"yoast_head":"<!-- This site is optimized with the Yoast SEO Premium plugin v26.0 (Yoast SEO v26.0) - https:\/\/yoast.com\/wordpress\/plugins\/seo\/ -->\n<title>Sampaoli fecha prepara\u00e7\u00e3o do Atl\u00e9tico-MG com desfalques na defesa<\/title>\n<meta name=\"description\" content=\"Sampaoli enfrenta desfalques na defesa do Atl\u00e9tico-MG para o pr\u00f3ximo jogo do Brasileir\u00e3o. Saiba como o t\u00e9cnico planeja lidar com as aus\u00eancias e as expectativas para a partida decisiva na luta por uma vaga na Libertadores.\" \/>\n<meta name=\"robots\" content=\"index, follow, max-snippet:-1, max-image-preview:large, max-video-preview:-1\" \/>\n<link rel=\"canonical\" href=\"https:\/\/thesport.news\/br\/atletico-mg-sampaoli-desfalques-defesa\/\" \/>\n<meta property=\"og:locale\" content=\"pt_BR\" \/>\n<meta property=\"og:type\" content=\"article\" \/>\n<meta property=\"og:title\" content=\"Sampaoli fecha prepara\u00e7\u00e3o do Atl\u00e9tico-MG com desfalques na defesa\" \/>\n<meta property=\"og:description\" content=\"Sampaoli enfrenta desfalques na defesa do Atl\u00e9tico-MG para o pr\u00f3ximo jogo do Brasileir\u00e3o. Saiba como o t\u00e9cnico planeja lidar com as aus\u00eancias e as expectativas para a partida decisiva na luta por uma vaga na Libertadores.\" \/>\n<meta property=\"og:url\" content=\"https:\/\/thesport.news\/br\/atletico-mg-sampaoli-desfalques-defesa\/\" \/>\n<meta property=\"og:site_name\" content=\"The Sport News \u2013 Tudo sobre futebol em um s\u00f3 lugar\" \/>\n<meta property=\"article:published_time\" content=\"2025-09-23T22:03:28+00:00\" \/>\n<meta property=\"article:modified_time\" content=\"2025-09-25T13:30:14+00:00\" \/>\n<meta property=\"og:image\" content=\"https:\/\/thesport.news\/br\/wp-content\/uploads\/sites\/2\/2025\/09\/54806645472-850ed2536c-o-scaled.jpg\" \/>\n\t<meta property=\"og:image:width\" content=\"2048\" \/>\n\t<meta property=\"og:image:height\" content=\"2560\" \/>\n\t<meta property=\"og:image:type\" content=\"image\/jpeg\" \/>\n<meta name=\"author\" content=\"Pablo Eduardo\" \/>\n<meta name=\"twitter:card\" content=\"summary_large_image\" \/>\n<meta name=\"twitter:label1\" content=\"Escrito por\" \/>\n\t<meta name=\"twitter:data1\" content=\"Pablo Eduardo\" \/>\n\t<meta name=\"twitter:label2\" content=\"Est. tempo de leitura\" \/>\n\t<meta name=\"twitter:data2\" content=\"3 minutos\" \/>\n<script type=\"application\/ld+json\" class=\"yoast-schema-graph\">{\"@context\":\"https:\/\/schema.org\",\"@graph\":[{\"@type\":\"NewsArticle\",\"@id\":\"https:\/\/thesport.news\/br\/atletico-mg-sampaoli-desfalques-defesa\/#article\",\"isPartOf\":{\"@id\":\"https:\/\/thesport.news\/br\/atletico-mg-sampaoli-desfalques-defesa\/\"},\"author\":{\"name\":\"Pablo Eduardo\",\"@id\":\"https:\/\/thesport.news\/br\/#\/schema\/person\/dd7f58a1b81e3a483f9ec6561b56671e\"},\"headline\":\"Sampaoli fecha prepara\u00e7\u00e3o do Atl\u00e9tico-MG com desfalques na defesa\",\"datePublished\":\"2025-09-23T22:03:28+00:00\",\"dateModified\":\"2025-09-25T13:30:14+00:00\",\"mainEntityOfPage\":{\"@id\":\"https:\/\/thesport.news\/br\/atletico-mg-sampaoli-desfalques-defesa\/\"},\"wordCount\":555,\"commentCount\":0,\"publisher\":{\"@id\":\"https:\/\/thesport.news\/br\/#organization\"},\"image\":{\"@id\":\"https:\/\/thesport.news\/br\/atletico-mg-sampaoli-desfalques-defesa\/#primaryimage\"},\"thumbnailUrl\":\"https:\/\/thesport.news\/br\/wp-content\/uploads\/sites\/2\/2025\/09\/54806645472-850ed2536c-o-scaled.jpg\",\"articleSection\":[\"Atl\u00e9tico-MG\",\"Libertadores\",\"Campeonato Brasileiro\"],\"inLanguage\":\"pt-BR\",\"potentialAction\":[{\"@type\":\"CommentAction\",\"name\":\"Comment\",\"target\":[\"https:\/\/thesport.news\/br\/atletico-mg-sampaoli-desfalques-defesa\/#respond\"]}],\"copyrightYear\":\"2025\",\"copyrightHolder\":{\"@id\":\"https:\/\/thesport.news\/#organization\"}},{\"@type\":\"WebPage\",\"@id\":\"https:\/\/thesport.news\/br\/atletico-mg-sampaoli-desfalques-defesa\/\",\"url\":\"https:\/\/thesport.news\/br\/atletico-mg-sampaoli-desfalques-defesa\/\",\"name\":\"Sampaoli fecha prepara\u00e7\u00e3o do Atl\u00e9tico-MG com desfalques na defesa\",\"isPartOf\":{\"@id\":\"https:\/\/thesport.news\/br\/#website\"},\"primaryImageOfPage\":{\"@id\":\"https:\/\/thesport.news\/br\/atletico-mg-sampaoli-desfalques-defesa\/#primaryimage\"},\"image\":{\"@id\":\"https:\/\/thesport.news\/br\/atletico-mg-sampaoli-desfalques-defesa\/#primaryimage\"},\"thumbnailUrl\":\"https:\/\/thesport.news\/br\/wp-content\/uploads\/sites\/2\/2025\/09\/54806645472-850ed2536c-o-scaled.jpg\",\"datePublished\":\"2025-09-23T22:03:28+00:00\",\"dateModified\":\"2025-09-25T13:30:14+00:00\",\"description\":\"Sampaoli enfrenta desfalques na defesa do Atl\u00e9tico-MG para o pr\u00f3ximo jogo do Brasileir\u00e3o. Saiba como o t\u00e9cnico planeja lidar com as aus\u00eancias e as expectativas para a partida decisiva na luta por uma vaga na Libertadores.\",\"breadcrumb\":{\"@id\":\"https:\/\/thesport.news\/br\/atletico-mg-sampaoli-desfalques-defesa\/#breadcrumb\"},\"inLanguage\":\"pt-BR\",\"potentialAction\":[{\"@type\":\"ReadAction\",\"target\":[\"https:\/\/thesport.news\/br\/atletico-mg-sampaoli-desfalques-defesa\/\"]}]},{\"@type\":\"ImageObject\",\"inLanguage\":\"pt-BR\",\"@id\":\"https:\/\/thesport.news\/br\/atletico-mg-sampaoli-desfalques-defesa\/#primaryimage\",\"url\":\"https:\/\/thesport.news\/br\/wp-content\/uploads\/sites\/2\/2025\/09\/54806645472-850ed2536c-o-scaled.jpg\",\"contentUrl\":\"https:\/\/thesport.news\/br\/wp-content\/uploads\/sites\/2\/2025\/09\/54806645472-850ed2536c-o-scaled.jpg\",\"width\":2048,\"height\":2560,\"caption\":\"Atl\u00e9tico-MG: Sampaoli e desfalques na defesa - Atl\u00e9tico-MG\"},{\"@type\":\"BreadcrumbList\",\"@id\":\"https:\/\/thesport.news\/br\/atletico-mg-sampaoli-desfalques-defesa\/#breadcrumb\",\"itemListElement\":[{\"@type\":\"ListItem\",\"position\":1,\"name\":\"In\u00edcio\",\"item\":\"https:\/\/thesport.news\/br\/\"},{\"@type\":\"ListItem\",\"position\":2,\"name\":\"Sampaoli fecha prepara\u00e7\u00e3o do Atl\u00e9tico-MG com desfalques na defesa\"}]},{\"@type\":\"WebSite\",\"@id\":\"https:\/\/thesport.news\/br\/#website\",\"url\":\"https:\/\/thesport.news\/br\/\",\"name\":\"The Sport News \u2013 Tudo sobre futebol em um s\u00f3 lugar\",\"description\":\"Not\u00edcias de futebol do Brasil e do mundo: campeonatos nacionais, Libertadores, Champions League e muito mais, atualizadas em tempo real.\",\"publisher\":{\"@id\":\"https:\/\/thesport.news\/br\/#organization\"},\"potentialAction\":[{\"@type\":\"SearchAction\",\"target\":{\"@type\":\"EntryPoint\",\"urlTemplate\":\"https:\/\/thesport.news\/br\/?s={search_term_string}\"},\"query-input\":{\"@type\":\"PropertyValueSpecification\",\"valueRequired\":true,\"valueName\":\"search_term_string\"}}],\"inLanguage\":\"pt-BR\"},{\"@type\":\"Organization\",\"@id\":\"https:\/\/thesport.news\/br\/#organization\",\"name\":\"The Sport News \u2013 Tudo sobre futebol em um s\u00f3 lugar\",\"url\":\"https:\/\/thesport.news\/br\/\",\"logo\":{\"@type\":\"ImageObject\",\"inLanguage\":\"pt-BR\",\"@id\":\"https:\/\/thesport.news\/br\/#\/schema\/logo\/image\/\",\"url\":\"https:\/\/thesport.news\/br\/wp-content\/uploads\/sites\/2\/2025\/09\/Sport_LogoFinal.png\",\"contentUrl\":\"https:\/\/thesport.news\/br\/wp-content\/uploads\/sites\/2\/2025\/09\/Sport_LogoFinal.png\",\"width\":175,\"height\":68,\"caption\":\"The Sport News \u2013 Tudo sobre futebol em um s\u00f3 lugar\"},\"image\":{\"@id\":\"https:\/\/thesport.news\/br\/#\/schema\/logo\/image\/\"}},{\"@type\":\"Person\",\"@id\":\"https:\/\/thesport.news\/br\/#\/schema\/person\/dd7f58a1b81e3a483f9ec6561b56671e\",\"name\":\"Pablo Eduardo\",\"image\":{\"@type\":\"ImageObject\",\"inLanguage\":\"pt-BR\",\"@id\":\"https:\/\/thesport.news\/br\/#\/schema\/person\/image\/\",\"url\":\"https:\/\/secure.gravatar.com\/avatar\/6d9a5eb6a01936b90f5d0c1b7974e6dcf64732f9da8ab8663d2db5c0f16be261?s=96&d=mm&r=g\",\"contentUrl\":\"https:\/\/secure.gravatar.com\/avatar\/6d9a5eb6a01936b90f5d0c1b7974e6dcf64732f9da8ab8663d2db5c0f16be261?s=96&d=mm&r=g\",\"caption\":\"Pablo Eduardo\"},\"url\":\"https:\/\/thesport.news\/br\/author\/pablo\/\"}]}<\/script>\n<!-- \/ Yoast SEO Premium plugin. -->","yoast_head_json":{"title":"Sampaoli fecha prepara\u00e7\u00e3o do Atl\u00e9tico-MG com desfalques na defesa","description":"Sampaoli enfrenta desfalques na defesa do Atl\u00e9tico-MG para o pr\u00f3ximo jogo do Brasileir\u00e3o. Saiba como o t\u00e9cnico planeja lidar com as aus\u00eancias e as expectativas para a partida decisiva na luta por uma vaga na Libertadores.","robots":{"index":"index","follow":"follow","max-snippet":"max-snippet:-1","max-image-preview":"max-image-preview:large","max-video-preview":"max-video-preview:-1"},"canonical":"https:\/\/thesport.news\/br\/atletico-mg-sampaoli-desfalques-defesa\/","og_locale":"pt_BR","og_type":"article","og_title":"Sampaoli fecha prepara\u00e7\u00e3o do Atl\u00e9tico-MG com desfalques na defesa","og_description":"Sampaoli enfrenta desfalques na defesa do Atl\u00e9tico-MG para o pr\u00f3ximo jogo do Brasileir\u00e3o. Saiba como o t\u00e9cnico planeja lidar com as aus\u00eancias e as expectativas para a partida decisiva na luta por uma vaga na Libertadores.","og_url":"https:\/\/thesport.news\/br\/atletico-mg-sampaoli-desfalques-defesa\/","og_site_name":"The Sport News \u2013 Tudo sobre futebol em um s\u00f3 lugar","article_published_time":"2025-09-23T22:03:28+00:00","article_modified_time":"2025-09-25T13:30:14+00:00","og_image":[{"width":2048,"height":2560,"url":"https:\/\/thesport.news\/br\/wp-content\/uploads\/sites\/2\/2025\/09\/54806645472-850ed2536c-o-scaled.jpg","type":"image\/jpeg"}],"author":"Pablo Eduardo","twitter_card":"summary_large_image","twitter_misc":{"Escrito por":"Pablo Eduardo","Est. tempo de leitura":"3 minutos"},"schema":{"@context":"https:\/\/schema.org","@graph":[{"@type":"NewsArticle","@id":"https:\/\/thesport.news\/br\/atletico-mg-sampaoli-desfalques-defesa\/#article","isPartOf":{"@id":"https:\/\/thesport.news\/br\/atletico-mg-sampaoli-desfalques-defesa\/"},"author":{"name":"Pablo Eduardo","@id":"https:\/\/thesport.news\/br\/#\/schema\/person\/dd7f58a1b81e3a483f9ec6561b56671e"},"headline":"Sampaoli fecha prepara\u00e7\u00e3o do Atl\u00e9tico-MG com desfalques na defesa","datePublished":"2025-09-23T22:03:28+00:00","dateModified":"2025-09-25T13:30:14+00:00","mainEntityOfPage":{"@id":"https:\/\/thesport.news\/br\/atletico-mg-sampaoli-desfalques-defesa\/"},"wordCount":555,"commentCount":0,"publisher":{"@id":"https:\/\/thesport.news\/br\/#organization"},"image":{"@id":"https:\/\/thesport.news\/br\/atletico-mg-sampaoli-desfalques-defesa\/#primaryimage"},"thumbnailUrl":"https:\/\/thesport.news\/br\/wp-content\/uploads\/sites\/2\/2025\/09\/54806645472-850ed2536c-o-scaled.jpg","articleSection":["Atl\u00e9tico-MG","Libertadores","Campeonato Brasileiro"],"inLanguage":"pt-BR","potentialAction":[{"@type":"CommentAction","name":"Comment","target":["https:\/\/thesport.news\/br\/atletico-mg-sampaoli-desfalques-defesa\/#respond"]}],"copyrightYear":"2025","copyrightHolder":{"@id":"https:\/\/thesport.news\/#organization"}},{"@type":"WebPage","@id":"https:\/\/thesport.news\/br\/atletico-mg-sampaoli-desfalques-defesa\/","url":"https:\/\/thesport.news\/br\/atletico-mg-sampaoli-desfalques-defesa\/","name":"Sampaoli fecha prepara\u00e7\u00e3o do Atl\u00e9tico-MG com desfalques na defesa","isPartOf":{"@id":"https:\/\/thesport.news\/br\/#website"},"primaryImageOfPage":{"@id":"https:\/\/thesport.news\/br\/atletico-mg-sampaoli-desfalques-defesa\/#primaryimage"},"image":{"@id":"https:\/\/thesport.news\/br\/atletico-mg-sampaoli-desfalques-defesa\/#primaryimage"},"thumbnailUrl":"https:\/\/thesport.news\/br\/wp-content\/uploads\/sites\/2\/2025\/09\/54806645472-850ed2536c-o-scaled.jpg","datePublished":"2025-09-23T22:03:28+00:00","dateModified":"2025-09-25T13:30:14+00:00","description":"Sampaoli enfrenta desfalques na defesa do Atl\u00e9tico-MG para o pr\u00f3ximo jogo do Brasileir\u00e3o. Saiba como o t\u00e9cnico planeja lidar com as aus\u00eancias e as expectativas para a partida decisiva na luta por uma vaga na Libertadores.","breadcrumb":{"@id":"https:\/\/thesport.news\/br\/atletico-mg-sampaoli-desfalques-defesa\/#breadcrumb"},"inLanguage":"pt-BR","potentialAction":[{"@type":"ReadAction","target":["https:\/\/thesport.news\/br\/atletico-mg-sampaoli-desfalques-defesa\/"]}]},{"@type":"ImageObject","inLanguage":"pt-BR","@id":"https:\/\/thesport.news\/br\/atletico-mg-sampaoli-desfalques-defesa\/#primaryimage","url":"https:\/\/thesport.news\/br\/wp-content\/uploads\/sites\/2\/2025\/09\/54806645472-850ed2536c-o-scaled.jpg","contentUrl":"https:\/\/thesport.news\/br\/wp-content\/uploads\/sites\/2\/2025\/09\/54806645472-850ed2536c-o-scaled.jpg","width":2048,"height":2560,"caption":"Atl\u00e9tico-MG: Sampaoli e desfalques na defesa - Atl\u00e9tico-MG"},{"@type":"BreadcrumbList","@id":"https:\/\/thesport.news\/br\/atletico-mg-sampaoli-desfalques-defesa\/#breadcrumb","itemListElement":[{"@type":"ListItem","position":1,"name":"In\u00edcio","item":"https:\/\/thesport.news\/br\/"},{"@type":"ListItem","position":2,"name":"Sampaoli fecha prepara\u00e7\u00e3o do Atl\u00e9tico-MG com desfalques na defesa"}]},{"@type":"WebSite","@id":"https:\/\/thesport.news\/br\/#website","url":"https:\/\/thesport.news\/br\/","name":"The Sport News \u2013 Tudo sobre futebol em um s\u00f3 lugar","description":"Not\u00edcias de futebol do Brasil e do mundo: campeonatos nacionais, Libertadores, Champions League e muito mais, atualizadas em tempo real.","publisher":{"@id":"https:\/\/thesport.news\/br\/#organization"},"potentialAction":[{"@type":"SearchAction","target":{"@type":"EntryPoint","urlTemplate":"https:\/\/thesport.news\/br\/?s={search_term_string}"},"query-input":{"@type":"PropertyValueSpecification","valueRequired":true,"valueName":"search_term_string"}}],"inLanguage":"pt-BR"},{"@type":"Organization","@id":"https:\/\/thesport.news\/br\/#organization","name":"The Sport News \u2013 Tudo sobre futebol em um s\u00f3 lugar","url":"https:\/\/thesport.news\/br\/","logo":{"@type":"ImageObject","inLanguage":"pt-BR","@id":"https:\/\/thesport.news\/br\/#\/schema\/logo\/image\/","url":"https:\/\/thesport.news\/br\/wp-content\/uploads\/sites\/2\/2025\/09\/Sport_LogoFinal.png","contentUrl":"https:\/\/thesport.news\/br\/wp-content\/uploads\/sites\/2\/2025\/09\/Sport_LogoFinal.png","width":175,"height":68,"caption":"The Sport News \u2013 Tudo sobre futebol em um s\u00f3 lugar"},"image":{"@id":"https:\/\/thesport.news\/br\/#\/schema\/logo\/image\/"}},{"@type":"Person","@id":"https:\/\/thesport.news\/br\/#\/schema\/person\/dd7f58a1b81e3a483f9ec6561b56671e","name":"Pablo Eduardo","image":{"@type":"ImageObject","inLanguage":"pt-BR","@id":"https:\/\/thesport.news\/br\/#\/schema\/person\/image\/","url":"https:\/\/secure.gravatar.com\/avatar\/6d9a5eb6a01936b90f5d0c1b7974e6dcf64732f9da8ab8663d2db5c0f16be261?s=96&d=mm&r=g","contentUrl":"https:\/\/secure.gravatar.com\/avatar\/6d9a5eb6a01936b90f5d0c1b7974e6dcf64732f9da8ab8663d2db5c0f16be261?s=96&d=mm&r=g","caption":"Pablo Eduardo"},"url":"https:\/\/thesport.news\/br\/author\/pablo\/"}]}},"jetpack_featured_media_url":"https:\/\/thesport.news\/br\/wp-content\/uploads\/sites\/2\/2025\/09\/54806645472-850ed2536c-o-scaled.jpg","jetpack_sharing_enabled":true,"_links":{"self":[{"href":"https:\/\/thesport.news\/br\/wp-json\/wp\/v2\/posts\/2159","targetHints":{"allow":["GET"]}}],"collection":[{"href":"https:\/\/thesport.news\/br\/wp-json\/wp\/v2\/posts"}],"about":[{"href":"https:\/\/thesport.news\/br\/wp-json\/wp\/v2\/types\/post"}],"author":[{"embeddable":true,"href":"https:\/\/thesport.news\/br\/wp-json\/wp\/v2\/users\/3"}],"replies":[{"embeddable":true,"href":"https:\/\/thesport.news\/br\/wp-json\/wp\/v2\/comments?post=2159"}],"version-history":[{"count":1,"href":"https:\/\/thesport.news\/br\/wp-json\/wp\/v2\/posts\/2159\/revisions"}],"predecessor-version":[{"id":2160,"href":"https:\/\/thesport.news\/br\/wp-json\/wp\/v2\/posts\/2159\/revisions\/2160"}],"wp:featuredmedia":[{"embeddable":true,"href":"https:\/\/thesport.news\/br\/wp-json\/wp\/v2\/media\/2158"}],"wp:attachment":[{"href":"https:\/\/thesport.news\/br\/wp-json\/wp\/v2\/media?parent=2159"}],"wp:term":[{"taxonomy":"category","embeddable":true,"href":"https:\/\/thesport.news\/br\/wp-json\/wp\/v2\/categories?post=2159"},{"taxonomy":"post_tag","embeddable":true,"href":"https:\/\/thesport.news\/br\/wp-json\/wp\/v2\/tags?post=2159"}],"curies":[{"name":"wp","href":"https:\/\/api.w.org\/{rel}","templated":true}]}}